{"id":119919,"date":"2021-06-30T11:10:44","date_gmt":"2021-06-30T15:10:44","guid":{"rendered":"https:\/\/linitiative.ca\/International\/les-habitudes-de-mobilite-des-marocains-impactees-a-hauteur-de-58-pendant-la-covid\/"},"modified":"2021-06-30T11:10:44","modified_gmt":"2021-06-30T15:10:44","slug":"les-habitudes-de-mobilite-des-marocains-impactees-a-hauteur-de-58-pendant-la-covid","status":"publish","type":"post","link":"https:\/\/linitiative.ca\/International\/les-habitudes-de-mobilite-des-marocains-impactees-a-hauteur-de-58-pendant-la-covid\/","title":{"rendered":"Les habitudes de mobilit\u00e9 des Marocains impact\u00e9es \u00e0 hauteur de 58% pendant la Covid"},"content":{"rendered":"<div>\n<p><img decoding=\"async\" width=\"300\" height=\"153\" src=\"https:\/\/linitiative.ca\/International\/wp-content\/uploads\/sites\/23\/2021\/06\/Les-habitudes-de-mobilite-des-Marocains-impactees-a-hauteur-de-58-pendant-la-Covid-300x153-1.jpg\" class=\"attachment-medium size-medium wp-post-image\" alt=\"\" loading=\"lazy\" srcset=\"\/\/aujourdhui.ma\/wp-content\/uploads\/2021\/06\/Les-habitudes-de-mobilite-des-Marocains-impactees-a-hauteur-de-58-pendant-la-Covid-300x153.jpg 300w, \/\/aujourdhui.ma\/wp-content\/uploads\/2021\/06\/Les-habitudes-de-mobilite-des-Marocains-impactees-a-hauteur-de-58-pendant-la-Covid-274x140.jpg 274w, \/\/aujourdhui.ma\/wp-content\/uploads\/2021\/06\/Les-habitudes-de-mobilite-des-Marocains-impactees-a-hauteur-de-58-pendant-la-Covid.jpg 746w, \/\/aujourdhui.ma\/wp-content\/uploads\/2021\/06\/Les-habitudes-de-mobilite-des-Marocains-impactees-a-hauteur-de-58-pendant-la-Covid-165x84.jpg 165w, \/\/aujourdhui.ma\/wp-content\/uploads\/2021\/06\/Les-habitudes-de-mobilite-des-Marocains-impactees-a-hauteur-de-58-pendant-la-Covid-702x358.jpg 702w\" sizes=\"auto, (max-width: 300px) 100vw, 300px\"><\/p>\n<p><span style=\"color: #800000; font-size: 18px;\"><strong>Selon une nouvelle \u00e9tude men\u00e9e par Avito<\/strong><\/span><span id=\"more-380447\"><\/span><\/p>\n<p>A l\u2019\u00e8re de la Covid-19, les habitudes de mobilit\u00e9 des Marocains ont \u00e9t\u00e9 impact\u00e9es \u00e0 hauteur de 58%. Le chiffre ressort d\u2019une nouvelle \u00e9tude men\u00e9e par le leader des marketplaces automobiles au Maroc, Avito, qui r\u00e9v\u00e8le que ces habitudes \u00abont tendance \u00e0 orienter leurs pr\u00e9f\u00e9rences de mobilit\u00e9 vers celles qui les rendent moins vuln\u00e9rables aux infections qui repr\u00e9sentent une crainte pour plus de 46% des personnes interrog\u00e9es\u00bb. Dans ce sens, plus de 75% ont d\u00e9clar\u00e9 vouloir acheter prochainement un moyen de transport priv\u00e9 (moto, voiture, trottinette, v\u00e9lo, etc.). Ces donn\u00e9es rejoignent \u00e9galement les donn\u00e9es enregistr\u00e9es sur Avito.ma montrant une nette augmentation de la demande sur la cat\u00e9gorie de l\u2019automobile sur Avito de 19% par rapport \u00e0 2019. La m\u00eame tendance a \u00e9t\u00e9 soulev\u00e9e par l\u2019AIVAM concernant une hausse significative des ventes de voitures sur l\u2019ann\u00e9e. \u00abLes immatriculations pour le mois d\u2019avril 2021 ont augment\u00e9 de plus de 165% comparativement \u00e0 la m\u00eame p\u00e9riode de 2019\u2026<\/p>\n<p>Pour les quatre premiers mois de 2021, les ventes affichent une hausse de 11,35% par rapport \u00e0 la m\u00eame p\u00e9riode de 2019\u00bb, rapporte l\u2019AIVAM cit\u00e9e par Avito. Cette volont\u00e9 d\u2019acqu\u00e9rir un moyen de transport peut \u00eatre justifi\u00e9e par le retour au travail pr\u00e9sentiel, puisque 65% des r\u00e9pondants se d\u00e9placent tous les jours \u00e0 leur lieu de travail, contre 19% qui sont toujours en t\u00e9l\u00e9travail \u00e0 temps plein et 16% qui le sont partiellement. Au cours de cette p\u00e9riode, avec les implications \u00e9conomiques de Covid-19 diminuant le pouvoir d\u2019achat, de nombreux consommateurs d\u00e9clarent opter pour des voitures d\u2019occasion \u00e0 hauteur de 69%, suivies par les voitures neuves \u00e0 hauteur de 31%. Quant aux r\u00e9pondants ne pouvant pas se permettre l\u2019achat d\u2019une voiture, ceux-ci optent pour l\u2019achat d\u2019une moto \u00e0 hauteur de 17%, de v\u00e9lo \u00e0 hauteur 10% ou encore de trottinette qui prennent \u00e9galement de l\u2019ampleur surtout dans les grandes villes \u00e0 hauteur de 4%.<br \/>\nL\u2019\u00e9tude montre \u00e9galement que 93% des r\u00e9pondants utilisent exclusivement le site Avito.ma ou Avito Auto neuf dans leurs recherches de v\u00e9hicules, menant \u00e0 une forte reprise de la demande.<br \/>\nCette reprise n\u2019est qu\u2019\u00e0 son d\u00e9but, selon Zakaria Ghassouli, directeur g\u00e9n\u00e9ral d\u2019Avito, \u00abla succession de trimestres positifs vient confirmer la reprise du secteur automobile, encourag\u00e9e par l\u2019all\u00e9gement des mesures sanitaires et les intentions de d\u00e9placements pendant la p\u00e9riode estivale. Nous pensons que le march\u00e9 automobile continuera sur une croissance et que la mobilit\u00e9 enregistrera de multiples mutations \u00e0 l\u2019avenir. Nous ambitionnons d\u2019accompagner nos utilisateurs et nos partenaires professionnels dans cette transition\u00bb. Ce constat a \u00e9galement \u00e9t\u00e9 confirm\u00e9 par l\u2019enqu\u00eate qui a montr\u00e9 que 78% du panel compte se rendre en vacances prochainement, dont 75% comptent se d\u00e9placer avec un moyen de transport priv\u00e9 soit en utilisant leur v\u00e9hicule \u00e0 hauteur de 60%, ou en optant pour la location de voitures \u00e0 hauteur de 14%. Des chiffres \u00e9difiants.<\/p>\n<\/div>\n<p>Auteur: ALM<br \/>\n<a href=\"https:\/\/aujourdhui.ma\/automobile\/les-habitudes-de-mobilite-des-marocains-impactees-a-hauteur-de-58-pendant-la-covid\">Cliquez ici pour lire l&rsquo;article depuis sa source.<\/a><\/p>\n","protected":false},"excerpt":{"rendered":"<p>Selon une nouvelle \u00e9tude men\u00e9e par Avito A l\u2019\u00e8re de la Covid-19, les habitudes de mobilit\u00e9 des Marocains ont \u00e9t\u00e9 impact\u00e9es \u00e0 hauteur de 58%. Le chiffre ressort d\u2019une nouvelle \u00e9tude men\u00e9e par le leader des marketplaces automobiles au Maroc, Avito, qui r\u00e9v\u00e8le que ces habitudes \u00abont tendance \u00e0 orienter leurs pr\u00e9f\u00e9rences de mobilit\u00e9 vers [&hellip;]<\/p>\n","protected":false},"author":1759,"featured_media":0,"comment_status":"closed","ping_status":"closed","sticky":false,"template":"","format":"standard","meta":{"fifu_image_url":"https:\/\/aujourdhui.ma\/wp-content\/uploads\/2021\/06\/Les-habitudes-de-mobilite-des-Marocains-impactees-a-hauteur-de-58-pendant-la-Covid-300x153.jpg","fifu_image_alt":"Les habitudes de mobilit\u00e9 des Marocains impact\u00e9es \u00e0 hauteur de 58% pendant la Covid","footnotes":""},"categories":[73,54],"tags":[],"class_list":["post-119919","post","type-post","status-publish","format-standard","hentry","category-actualite","category-maroc"],"_links":{"self":[{"href":"https:\/\/linitiative.ca\/International\/wp-json\/wp\/v2\/posts\/119919","targetHints":{"allow":["GET"]}}],"collection":[{"href":"https:\/\/linitiative.ca\/International\/wp-json\/wp\/v2\/posts"}],"about":[{"href":"https:\/\/linitiative.ca\/International\/wp-json\/wp\/v2\/types\/post"}],"author":[{"embeddable":true,"href":"https:\/\/linitiative.ca\/International\/wp-json\/wp\/v2\/users\/1759"}],"replies":[{"embeddable":true,"href":"https:\/\/linitiative.ca\/International\/wp-json\/wp\/v2\/comments?post=119919"}],"version-history":[{"count":0,"href":"https:\/\/linitiative.ca\/International\/wp-json\/wp\/v2\/posts\/119919\/revisions"}],"wp:attachment":[{"href":"https:\/\/linitiative.ca\/International\/wp-json\/wp\/v2\/media?parent=119919"}],"wp:term":[{"taxonomy":"category","embeddable":true,"href":"https:\/\/linitiative.ca\/International\/wp-json\/wp\/v2\/categories?post=119919"},{"taxonomy":"post_tag","embeddable":true,"href":"https:\/\/linitiative.ca\/International\/wp-json\/wp\/v2\/tags?post=119919"}],"curies":[{"name":"wp","href":"https:\/\/api.w.org\/{rel}","templated":true}]}}