{"id":119930,"date":"2021-06-29T14:00:00","date_gmt":"2021-06-29T18:00:00","guid":{"rendered":"https:\/\/linitiative.ca\/International\/miles-nurnberger-rejoint-dacia\/"},"modified":"2021-06-29T14:00:00","modified_gmt":"2021-06-29T18:00:00","slug":"miles-nurnberger-rejoint-dacia","status":"publish","type":"post","link":"https:\/\/linitiative.ca\/International\/miles-nurnberger-rejoint-dacia\/","title":{"rendered":"Miles N\u00fcrnberger rejoint Dacia"},"content":{"rendered":"<div>\n<p class=\"has-text-align-center has-vivid-cyan-blue-color has-text-color\"><strong>En tant que Directeur du design<\/strong><\/p>\n<p class=\"has-black-color has-text-color\"><strong>\u00c0 compter du 1<sup>er<\/sup> septembre 2021, Miles N\u00fcrnberger rejoint la business unit Dacia &amp; Lada en tant que Directeur du design Dacia. Il int\u00e8gre son comit\u00e9 de Direction sous l\u2019\u00e9gide de Denis Le Vot, Directeur G\u00e9n\u00e9ral des marques Dacia et Lada qui a d\u00e9clar\u00e9 \u00e0 propos de la nomination de N\u00fcrnberger\u00a0: \u00ab Nous accueillons Miles avec enthousiasme, car le design est un pilier central de notre strat\u00e9gie pour Dacia. Avec nouvelle Sandero, nous avons d\u00e9montr\u00e9 que l\u2019on peut \u00eatre essentiel en \u00e9tant attractif. Grace \u00e0 Miles, nous allons franchir un nouveau cap\u00bb.<\/strong><\/p>\n<p class=\"has-black-color has-text-color\">De son c\u00f4t\u00e9, Laurens van den Acker, Directeur design et membre du Board of Management de Renault Group auquel N\u00fcrnberger sera directement rattach\u00e9, a comment\u00e9 : \u00ab Nous sommes tr\u00e8s heureux d\u2019accueillir Miles N\u00fcrnberger dans notre \u00e9quipe \u00e0 un moment aussi important pour la marque Dacia. Miles est un designer de renom qui a inspir\u00e9 de nombreuses personnes avec son travail chez Aston Martin. Son exp\u00e9rience et sa passion pour construire des marques fortes par le design seront un grand atout pour DACIA et nous aideront \u00e0 projeter Dacia dans le futur.\u00bb<\/p>\n<p class=\"has-black-color has-text-color\">Miles N\u00fcrnberger a rejoint Aston Martin Lagonda en 2008 o\u00f9 il a eu la responsabilit\u00e9 du design ext\u00e9rieur en tant que Design manager, puis Directeur cr\u00e9atif, avant d\u2019\u00eatre nomm\u00e9 Directeur du design de la marque en 2018. Il a notamment \u00e9t\u00e9 en charge de la conception de DBX \u2013 le premier SUV de Aston Martin et le projet Valkyrie, tout comme le renouveau de Lagonda en tant que branche 100% \u00e9lectrique, illustr\u00e9 par Vision Concept en version sedan et SUV. Avant de rejoindre Aston Martin Lagonda, Miles N\u00fcrnberger a fait partie de l\u2019\u00e9quipe de Design ext\u00e9rieur de Citro\u00ebn.<\/p>\n<p class=\"has-black-color has-text-color\">N\u00e9e en 1976, dans une famille passionn\u00e9e par l\u2019art, le design et la voiture, Miles a obtenu son dipl\u00f4me en Design automobile de l\u2019universit\u00e9 de Coventry en 1998. En 2009, il a \u00e9t\u00e9 le laur\u00e9at du Design Award Concorso d\u2019eleganza Villa d\u2019Este avec le concept One-77.<\/p>\n<p>L\u2019article <a rel=\"nofollow\" href=\"http:\/\/albayane.press.ma\/miles-nurnberger-rejoint-dacia.html\">Miles N\u00fcrnberger rejoint Dacia<\/a> est apparu en premier sur <a rel=\"nofollow\" href=\"http:\/\/albayane.press.ma\/\">ALBAYANE<\/a>.<\/p>\n<\/div>\n<p>Auteur: M&rsquo;hammed rahal<br \/>\n<a href=\"http:\/\/albayane.press.ma\/miles-nurnberger-rejoint-dacia.html\">Cliquez ici pour lire l&rsquo;article depuis sa source.<\/a><\/p>\n","protected":false},"excerpt":{"rendered":"<p>En tant que Directeur du design \u00c0 compter du 1er septembre 2021, Miles N\u00fcrnberger rejoint la business unit Dacia &amp; Lada en tant que Directeur du design Dacia. Il int\u00e8gre son comit\u00e9 de Direction sous l\u2019\u00e9gide de Denis Le Vot, Directeur G\u00e9n\u00e9ral des marques Dacia et Lada qui a d\u00e9clar\u00e9 \u00e0 propos de la nomination [&hellip;]<\/p>\n","protected":false},"author":1760,"featured_media":0,"comment_status":"closed","ping_status":"closed","sticky":false,"template":"","format":"standard","meta":{"fifu_image_url":"","fifu_image_alt":"","footnotes":""},"categories":[73,54],"tags":[],"class_list":["post-119930","post","type-post","status-publish","format-standard","hentry","category-actualite","category-maroc"],"_links":{"self":[{"href":"https:\/\/linitiative.ca\/International\/wp-json\/wp\/v2\/posts\/119930","targetHints":{"allow":["GET"]}}],"collection":[{"href":"https:\/\/linitiative.ca\/International\/wp-json\/wp\/v2\/posts"}],"about":[{"href":"https:\/\/linitiative.ca\/International\/wp-json\/wp\/v2\/types\/post"}],"author":[{"embeddable":true,"href":"https:\/\/linitiative.ca\/International\/wp-json\/wp\/v2\/users\/1760"}],"replies":[{"embeddable":true,"href":"https:\/\/linitiative.ca\/International\/wp-json\/wp\/v2\/comments?post=119930"}],"version-history":[{"count":0,"href":"https:\/\/linitiative.ca\/International\/wp-json\/wp\/v2\/posts\/119930\/revisions"}],"wp:attachment":[{"href":"https:\/\/linitiative.ca\/International\/wp-json\/wp\/v2\/media?parent=119930"}],"wp:term":[{"taxonomy":"category","embeddable":true,"href":"https:\/\/linitiative.ca\/International\/wp-json\/wp\/v2\/categories?post=119930"},{"taxonomy":"post_tag","embeddable":true,"href":"https:\/\/linitiative.ca\/International\/wp-json\/wp\/v2\/tags?post=119930"}],"curies":[{"name":"wp","href":"https:\/\/api.w.org\/{rel}","templated":true}]}}