{"id":119931,"date":"2021-06-29T14:00:00","date_gmt":"2021-06-29T18:00:00","guid":{"rendered":"https:\/\/linitiative.ca\/International\/renault-signe-deux-partenariats\/"},"modified":"2021-06-29T14:00:00","modified_gmt":"2021-06-29T18:00:00","slug":"renault-signe-deux-partenariats","status":"publish","type":"post","link":"https:\/\/linitiative.ca\/International\/renault-signe-deux-partenariats\/","title":{"rendered":"Renault signe deux partenariats"},"content":{"rendered":"<div>\n<p class=\"has-text-align-center has-vivid-cyan-blue-color has-text-color\"><strong>Production de batteries pour v\u00e9hicules \u00e9lectriques<\/strong><\/p>\n<p class=\"has-text-align-left has-black-color has-text-color\"><strong>\u00c9tape essentielle de la \u00ab\u00a0Renaulution\u00a0\u00bb, le plan batteries du Groupe se mat\u00e9rialise \u00e0 travers la signature de deux projets de partenariats majeurs, avec Envision AESC, un acteur mondial de la technologie de batteries et des usines de batteries smart, digitalis\u00e9es et \u00e0 faibles \u00e9missions de carbone, et la start-up grenobloise Verkor, sp\u00e9cialis\u00e9e dans le d\u00e9veloppement de cellules de batteries pour v\u00e9hicules \u00e9lectriques.<\/strong><\/p>\n<p class=\"has-text-align-left has-black-color has-text-color\">\u00ab\u00a0Cette strat\u00e9gie permettra d\u2019am\u00e9liorer la comp\u00e9titivit\u00e9 et l\u2019efficacit\u00e9 de Renault Group dans le domaine des v\u00e9hicules \u00e9lectriques, d\u2019acc\u00e9l\u00e9rer sa transformation industrielle et d\u2019atteindre ses objectifs en mati\u00e8re de transition \u00e9cologique.\u00a0\u00bb, souligne le constructeur dans un communiqu\u00e9.<\/p>\n<p class=\"has-text-align-left has-black-color has-text-color\">Envision AESC installera une gigafactory \u00e0 Douai d\u2019une capacit\u00e9 de 9 GWh en 2024, et avec l\u2019objectif d\u2019atteindre 24 GWh d\u2019ici 2030. Envision AESC, la branche batteries de la soci\u00e9t\u00e9 mondiale de technologie verte Envision Group, investira jusqu\u2019\u00e0 2 milliards d\u2019euros pour produire des batteries de derni\u00e8re technologie, bas carbone, comp\u00e9titives en termes de co\u00fbt \u00e0 destination des mod\u00e8les \u00e9lectriques, dont la future R5. A travers ce partenariat, Envision AESC pr\u00e9voit de cr\u00e9er 2500 emplois \u00e0 horizon 2030.\u00a0\u00a0<\/p>\n<p class=\"has-text-align-left has-black-color has-text-color\">\u00ab\u00a0La proximit\u00e9 de la gigafactory d\u2019Envision AESC avec les sites de production de Renault ElectriCity (Douai, Maubeuge et Ruitz) qui pr\u00e9voit la cr\u00e9ation de 700 emplois suppl\u00e9mentaires dans les Hauts-de-France, offre les moyens \u00e0 Renault Group de renforcer consid\u00e9rablement sa comp\u00e9titivit\u00e9 et l\u2019efficacit\u00e9 de sa cha\u00eene de production sur le march\u00e9 des v\u00e9hicules \u00e9lectriques.\u00a0\u00bb, se r\u00e9jouit Renault dans son communiqu\u00e9.<\/p>\n<p class=\"has-text-align-left has-black-color has-text-color\">La gigafactory de Douai ouvre la voie \u00e0 la production d\u2019une batterie \u00e0 faible \u00e9mission carbone, en ligne avec les objectifs du Green Deal europ\u00e9en et au d\u00e9veloppement de solutions de recyclage en circuit ferm\u00e9 des d\u00e9chets de production et des batteries en fin de vie. Elle constitue un atout majeur pour atteindre la neutralit\u00e9 carbone en Europe en 2040 et dans le monde en 2050, avec des v\u00e9hicules \u00e9lectriques repr\u00e9sentant 90% des ventes de la marque Renault en 2030.<\/p>\n<p class=\"has-text-align-left has-black-color has-text-color\">\u00ab\u00a0La mission d\u2019Envision Group est d\u2019\u00eatre le partenaire technologique net z\u00e9ro pour les entreprises, les gouvernements et les villes du monde entier. Nous sommes donc ravis que Renault ait choisi les batteries d\u2019Envision AESC pour sa prochaine g\u00e9n\u00e9ration de v\u00e9hicules \u00e9lectriques. En investissant dans la construction d\u2019une nouvelle gigafactory dans le nord de la France, nous voulons soutenir la transition vers le z\u00e9ro carbone en rendant les batteries et les v\u00e9hicules \u00e9lectriques haute performance et \u00e0 plus longue autonomie, abordables et accessibles \u00e0 des millions d\u2019automobilistes suppl\u00e9mentaires.\u00a0\u00bb, a d\u00e9clar\u00e9 <strong>Lei Zhang, fondateur et directeur g\u00e9n\u00e9ral d\u2019Envision Group.<\/strong><\/p>\n<p class=\"has-text-align-left has-black-color has-text-color\">En compl\u00e9ment de son partenariat avec Envision AESC, Renault Group signe un protocole d\u2019accord pour entrer au capital de Verkor \u00e0 travers une participation de plus de 20%, et pr\u00e9voit de rejoindre le consortium cr\u00e9\u00e9 en 2020 autour de cette startup fran\u00e7aise visant \u00e0 r\u00e9pondre aux d\u00e9fis de la digitalisation, de la d\u00e9carbonisation et de la r\u00e9industrialisation de la France et de l\u2019Europe dans le secteur.<\/p>\n<p class=\"has-text-align-left has-black-color has-text-color\">Ensemble, Renault Group et Verkor entendent d\u00e9velopper une batterie haute performance adapt\u00e9e aux segments C et sup\u00e9rieurs de la gamme Renault, ainsi qu\u2019aux mod\u00e8les Alpine, et participeront \u00e0 travers le consortium \u00e0 la cr\u00e9ation de plus de 1200 emplois directs \u00e0 moyen terme.<\/p>\n<p>L\u2019article <a rel=\"nofollow\" href=\"http:\/\/albayane.press.ma\/renault-signe-deux-partenariats.html\">Renault signe deux partenariats<\/a> est apparu en premier sur <a rel=\"nofollow\" href=\"http:\/\/albayane.press.ma\/\">ALBAYANE<\/a>.<\/p>\n<\/div>\n<p>Auteur: M&rsquo;hammed rahal<br \/>\n<a href=\"http:\/\/albayane.press.ma\/renault-signe-deux-partenariats.html\">Cliquez ici pour lire l&rsquo;article depuis sa source.<\/a><\/p>\n","protected":false},"excerpt":{"rendered":"<p>Production de batteries pour v\u00e9hicules \u00e9lectriques \u00c9tape essentielle de la \u00ab\u00a0Renaulution\u00a0\u00bb, le plan batteries du Groupe se mat\u00e9rialise \u00e0 travers la signature de deux projets de partenariats majeurs, avec Envision AESC, un acteur mondial de la technologie de batteries et des usines de batteries smart, digitalis\u00e9es et \u00e0 faibles \u00e9missions de carbone, et la start-up [&hellip;]<\/p>\n","protected":false},"author":1760,"featured_media":0,"comment_status":"closed","ping_status":"closed","sticky":false,"template":"","format":"standard","meta":{"fifu_image_url":"","fifu_image_alt":"","footnotes":""},"categories":[73,54],"tags":[],"class_list":["post-119931","post","type-post","status-publish","format-standard","hentry","category-actualite","category-maroc"],"_links":{"self":[{"href":"https:\/\/linitiative.ca\/International\/wp-json\/wp\/v2\/posts\/119931","targetHints":{"allow":["GET"]}}],"collection":[{"href":"https:\/\/linitiative.ca\/International\/wp-json\/wp\/v2\/posts"}],"about":[{"href":"https:\/\/linitiative.ca\/International\/wp-json\/wp\/v2\/types\/post"}],"author":[{"embeddable":true,"href":"https:\/\/linitiative.ca\/International\/wp-json\/wp\/v2\/users\/1760"}],"replies":[{"embeddable":true,"href":"https:\/\/linitiative.ca\/International\/wp-json\/wp\/v2\/comments?post=119931"}],"version-history":[{"count":0,"href":"https:\/\/linitiative.ca\/International\/wp-json\/wp\/v2\/posts\/119931\/revisions"}],"wp:attachment":[{"href":"https:\/\/linitiative.ca\/International\/wp-json\/wp\/v2\/media?parent=119931"}],"wp:term":[{"taxonomy":"category","embeddable":true,"href":"https:\/\/linitiative.ca\/International\/wp-json\/wp\/v2\/categories?post=119931"},{"taxonomy":"post_tag","embeddable":true,"href":"https:\/\/linitiative.ca\/International\/wp-json\/wp\/v2\/tags?post=119931"}],"curies":[{"name":"wp","href":"https:\/\/api.w.org\/{rel}","templated":true}]}}