{"id":119933,"date":"2021-06-29T11:08:49","date_gmt":"2021-06-29T15:08:49","guid":{"rendered":"https:\/\/linitiative.ca\/International\/pema-2-le-marche-de-toute-lafrique-subsaharienne-en-point-de-mire\/"},"modified":"2021-06-29T11:08:49","modified_gmt":"2021-06-29T15:08:49","slug":"pema-2-le-marche-de-toute-lafrique-subsaharienne-en-point-de-mire","status":"publish","type":"post","link":"https:\/\/linitiative.ca\/International\/pema-2-le-marche-de-toute-lafrique-subsaharienne-en-point-de-mire\/","title":{"rendered":"PEMA 2 : Le march\u00e9 de toute l\u2019Afrique subsaharienne en point de mire"},"content":{"rendered":"<div>\n<p style=\"text-align: left\"><em><strong>Mandat\u00e9 par le minist\u00e8re f\u00e9d\u00e9ral allemand de la Coop\u00e9ration \u00e9conomique et du D\u00e9veloppement (BMZ) et mis en \u0153uvre par la GIZ Tunisie, en partenariat avec le minist\u00e8re du Commerce et du D\u00e9veloppement des exportations et le Centre de promotion des exportations (CEPEX), le projet PEMA \u00ab Promotion des activit\u00e9s d\u2019exportation vers de nouveaux march\u00e9s de l\u2019Afrique subsaharienne \u00bb, vient de s\u2019achever dans sa premi\u00e8re phase qui a \u00e9t\u00e9 men\u00e9e de<\/strong> <strong>2018 \u00e0 2020.<\/strong><\/em><\/p>\n<p style=\"text-align: left\">\u00c0 cette occasion, les initiateurs du projet ont organis\u00e9, le 29 juin dernier, une c\u00e9r\u00e9monie annon\u00e7ant \u00e0 la fois la cl\u00f4ture du PEMA I et le lancement du PEMA II. Au cours de cette c\u00e9r\u00e9monie, les organisateurs ont pr\u00e9sent\u00e9 les r\u00e9sultats et r\u00e9alisations de la premi\u00e8re phase, tout en rappelant que le coup d\u2019envoi de la deuxi\u00e8me phase PEMA II a \u00e9t\u00e9 donn\u00e9 en janvier 2021 et se poursuivra jusqu\u2019\u00e0 d\u00e9cembre 2023. Le projet poursuit ainsi son objectif de soutenir les petites et moyennes entreprises (PME) tunisiennes, en vue d\u2019acc\u00e9der \u00e0 de nouveaux march\u00e9s en Afrique subsaharienne. Et si lors de la 1\u00e8re phase seuls 5 march\u00e9s cibles \u00e9taient concern\u00e9s (Cameroun, Cote d\u2019ivoire, RDC, Nigeria, Kenya), cette fois le champ d\u2019action de PEMA II est \u00e9largi \u00e0 l\u2019ensemble de l\u2019Afrique subsaharienne qui abrite quarante-huit \u00c9tats.<\/p>\n<p style=\"text-align: left\">Dans sa deuxi\u00e8me phase qui va s\u2019\u00e9taler sur trois ann\u00e9es (de 2021 jusqu\u2019\u00e0 2023) le projet PEMA d\u00e9veloppe \u00e9galement des services appropri\u00e9s, en coop\u00e9ration avec le CEPEX, en vue de faciliter les \u00e9changes commerciaux entre la Tunisie et l\u2019Afrique subsaharienne et offrir ainsi aux entreprises un meilleur acc\u00e8s aux march\u00e9s africains. Un \u00e9ventail de services aux entreprises a ainsi \u00e9t\u00e9 mis en place avec un accent prononc\u00e9 sur la coop\u00e9ration et le soutien direct aux PME tunisiennes, en particulier les entreprises dirig\u00e9es par des femmes, jusqu\u2019ici sous-repr\u00e9sent\u00e9es dans le secteur de l\u2019exportation. Toujours en partenariat avec le CEPEX, le PEMA vise \u00e0 d\u00e9velopper de nouveaux services num\u00e9riques pour faciliter l\u2019export et diversifier les formats d\u2019\u00e9change avec des entreprises africaines.<\/p>\n<p style=\"text-align: left\">L\u2019\u00e9quipe du projet, en collaboration avec le minist\u00e8re du Commerce et du D\u00e9veloppement des exportations, cherche \u00e9galement \u00e0 am\u00e9liorer les canaux de communication et \u00e0 cr\u00e9er des formats de dialogue public-priv\u00e9. L\u2019objectif \u00e9tant d\u2019impliquer les PME tunisiennes dans les n\u00e9gociations et la mise en \u0153uvre de la zone de libre-\u00e9change continentale africaine (ZLECA) et du COMESA. La coop\u00e9ration r\u00e9gionale avec d\u2019autres pays doit \u00e9galement \u00eatre am\u00e9lior\u00e9e, afin de cr\u00e9er des opportunit\u00e9s d\u2019exportation pour les entreprises tunisiennes.<\/p>\n<p style=\"text-align: left\">Le projet vise enfin \u00e0 soutenir les entreprises exportatrices en vue de les aider \u00e0 mieux r\u00e9pondre \u00e0 l\u2019impact de la pand\u00e9mie Covid-19.<\/p>\n<p style=\"text-align: left\">En effet, durant la premi\u00e8re phase du projet et afin d\u2019am\u00e9liorer les conditions encadrant le commerce entre la Tunisie et les march\u00e9s africains vis\u00e9s, l\u2019\u00e9quipe du projet a appuy\u00e9 \u00e9galement les repr\u00e9sentants du minist\u00e8re du Commerce et du D\u00e9veloppement des exportations et d\u2019autres institutions gouvernementales afin de consolider leurs capacit\u00e9s \u00e0 , appliquer et suivre les accords commerciaux r\u00e9gionaux.<\/p>\n<p style=\"text-align: left\">Pour faciliter la communication sur les accords commerciaux avec l\u2019Afrique, et toujours en concertation avec le Minist\u00e8re du Commerce et du D\u00e9veloppement des exportations, le projet compte simplifier l\u2019acc\u00e8s \u00e0 l\u2019information et am\u00e9liorer la coordination entre les diff\u00e9rents acteurs impliqu\u00e9s dans la mise en \u0153uvre des accords. A ces fins, le site web https:\/\/www.africatradeagreements.tn\/ et une application mobile ont d\u00e9j\u00e0 \u00e9t\u00e9 lanc\u00e9s en novembre 2020, pendant la premi\u00e8re phase du projet.<\/p>\n<p style=\"text-align: left\">Depuis 2018, le r\u00e9seau d\u2019exportation \u00ab Think Africa \u00bb, cr\u00e9\u00e9 dans le cadre du projet, a regroup\u00e9 16 structures d\u2018appui \u00e0 l\u2018exportation publiques et priv\u00e9es. Cette plateforme diffuse les opportunit\u00e9s de march\u00e9 aux entreprises tunisiennes et coordonne les services d\u2019information, de conseil et de soutien propos\u00e9s par ses diff\u00e9rents membres. Le projet d\u00e9veloppe \u00e9galement des services appropri\u00e9s, en soutenant le CEPEX dans la cr\u00e9ation d\u2019une offre de services pour les chefs d\u2019entreprise, \u00e0 d\u00e9velopper de nouveaux services num\u00e9riques et \u00e0 organiser des formats d\u2019\u00e9change avec des entreprises africaines. Autant d\u2019outils \u00e0 m\u00eame de faciliter les \u00e9changes commerciaux entre la Tunisie et l\u2019Afrique subsaharienne, et offrir aux entreprises un meilleur acc\u00e8s aux march\u00e9s africains. Dans ce cadre, le projet avait form\u00e9 des conseillers et conseill\u00e8res tout en soutenant l\u2019institutionnalisation d\u2019un r\u00e9seau de consultants sp\u00e9cialis\u00e9s dans l\u2019acc\u00e8s aux march\u00e9s africains et capables de soutenir les petites entreprises.<\/p>\n<p style=\"text-align: left\">\u00c0 ce titre, le projet a aussi cr\u00e9\u00e9, puis soutenu, quatre consortiums d\u2019exportation : Tunisia Building Partners (b\u00e2timent), Taste Tunisia (agroalimentaire), Tunisia Health Alliance (sant\u00e9) et Get\u2019IT (Technologie de l\u2019Information et de la Communication) avec l\u2019\u00e9laboration d\u2019une strat\u00e9gie visant \u00e0 d\u00e9velopper leur commerce avec l\u2019Afrique subsaharienne. Dans le cadre de ces consortiums, 60 entreprises conjuguent leurs forces pour mieux se positionner ensemble sur les march\u00e9s \u00e9trangers.<\/p>\n<p style=\"text-align: left\">Dans sa premi\u00e8re phase le projet avait organis\u00e9 5 Roadshows en Tunisie en pr\u00e9sence d\u2019acheteurs des pays cibles, et un total de 17 \u00e9v\u00e8nements de promotion. Le Roadshow virtuel, Tunisia-Africa E-Business Meetings, a r\u00e9cemment r\u00e9uni plus de 1100 entreprises africaines et tunisiennes sur la plateforme matchmaking B2match. 550 entreprises tunisiennes ont ainsi pu \u00e9changer avec des partenaires commerciaux en Afrique subsaharienne et un total de 2872 rendez-vous B2B ont \u00e9t\u00e9 r\u00e9alis\u00e9s.<\/p>\n<p style=\"text-align: left\">Autant de mesures qui augurent de perspectives prometteuses pour le PEMA II, sur la lign\u00e9e de son a\u00een\u00e9 qui a r\u00e9alis\u00e9 des performances fort satisfaisantes. En effet, lors du PEMA I, 650 entreprises tunisiennes ont b\u00e9n\u00e9fici\u00e9 de divers \u00e9v\u00e9nements ciblant l\u2019Afrique subsaharienne, 110 entreprises ont eu de nouvelles relations d\u2019affaire avec un partenaires en Afrique subsaharienne et 152 emplois ont \u00e9t\u00e9 cr\u00e9\u00e9s par 50 entreprises soutenues avec 36% de ces postes occup\u00e9s par des femmes.<\/p>\n<p><img decoding=\"async\" loading=\"lazy\" class=\"alignnone size-medium wp-image-20554\" src=\"https:\/\/i1.wp.com\/lexpertjournal.net\/fr\/wp-content\/uploads\/sites\/2\/2021\/06\/Screenshot_2021-06-29-19-16-15-26_683217e859333056183f9c92847ceb42.jpg?resize=300,199\" alt=\"\" width=\"300\" height=\"199\" srcset=\"https:\/\/i1.wp.com\/lexpertjournal.net\/fr\/wp-content\/uploads\/sites\/2\/2021\/06\/Screenshot_2021-06-29-19-16-15-26_683217e859333056183f9c92847ceb42.jpg?resize=300,199 300w, https:\/\/i1.wp.com\/lexpertjournal.net\/fr\/wp-content\/uploads\/sites\/2\/2021\/06\/Screenshot_2021-06-29-19-16-15-26_683217e859333056183f9c92847ceb42.jpg?resize=1024%2C680 1024w, https:\/\/i1.wp.com\/lexpertjournal.net\/fr\/wp-content\/uploads\/sites\/2\/2021\/06\/Screenshot_2021-06-29-19-16-15-26_683217e859333056183f9c92847ceb42.jpg?resize=768%2C510 768w, https:\/\/i1.wp.com\/lexpertjournal.net\/fr\/wp-content\/uploads\/sites\/2\/2021\/06\/Screenshot_2021-06-29-19-16-15-26_683217e859333056183f9c92847ceb42.jpg?resize=675%2C450 675w, https:\/\/i1.wp.com\/lexpertjournal.net\/fr\/wp-content\/uploads\/sites\/2\/2021\/06\/Screenshot_2021-06-29-19-16-15-26_683217e859333056183f9c92847ceb42.jpg?w=1080 1080w\" sizes=\"auto, (max-width: 300px) 100vw, 300px\" data-recalc-dims=\"1\"> <img decoding=\"async\" loading=\"lazy\" class=\"alignnone size-medium wp-image-20555\" src=\"https:\/\/i2.wp.com\/lexpertjournal.net\/fr\/wp-content\/uploads\/sites\/2\/2021\/06\/Screenshot_2021-06-29-19-15-42-76_683217e859333056183f9c92847ceb42.jpg?resize=300,202\" alt=\"\" width=\"300\" height=\"202\" srcset=\"https:\/\/i2.wp.com\/lexpertjournal.net\/fr\/wp-content\/uploads\/sites\/2\/2021\/06\/Screenshot_2021-06-29-19-15-42-76_683217e859333056183f9c92847ceb42.jpg?resize=300,202 300w, https:\/\/i2.wp.com\/lexpertjournal.net\/fr\/wp-content\/uploads\/sites\/2\/2021\/06\/Screenshot_2021-06-29-19-15-42-76_683217e859333056183f9c92847ceb42.jpg?resize=1024%2C690 1024w, https:\/\/i2.wp.com\/lexpertjournal.net\/fr\/wp-content\/uploads\/sites\/2\/2021\/06\/Screenshot_2021-06-29-19-15-42-76_683217e859333056183f9c92847ceb42.jpg?resize=768%2C518 768w, https:\/\/i2.wp.com\/lexpertjournal.net\/fr\/wp-content\/uploads\/sites\/2\/2021\/06\/Screenshot_2021-06-29-19-15-42-76_683217e859333056183f9c92847ceb42.jpg?w=1080 1080w\" sizes=\"auto, (max-width: 300px) 100vw, 300px\" data-recalc-dims=\"1\"> <img decoding=\"async\" loading=\"lazy\" class=\"size-medium wp-image-20556 aligncenter\" src=\"https:\/\/i0.wp.com\/lexpertjournal.net\/fr\/wp-content\/uploads\/sites\/2\/2021\/06\/Screenshot_2021-06-29-19-15-05-82_683217e859333056183f9c92847ceb42.jpg?resize=300,196\" alt=\"\" width=\"300\" height=\"196\" srcset=\"https:\/\/i0.wp.com\/lexpertjournal.net\/fr\/wp-content\/uploads\/sites\/2\/2021\/06\/Screenshot_2021-06-29-19-15-05-82_683217e859333056183f9c92847ceb42.jpg?resize=300,196 300w, https:\/\/i0.wp.com\/lexpertjournal.net\/fr\/wp-content\/uploads\/sites\/2\/2021\/06\/Screenshot_2021-06-29-19-15-05-82_683217e859333056183f9c92847ceb42.jpg?resize=1024%2C667 1024w, https:\/\/i0.wp.com\/lexpertjournal.net\/fr\/wp-content\/uploads\/sites\/2\/2021\/06\/Screenshot_2021-06-29-19-15-05-82_683217e859333056183f9c92847ceb42.jpg?resize=768%2C501 768w, https:\/\/i0.wp.com\/lexpertjournal.net\/fr\/wp-content\/uploads\/sites\/2\/2021\/06\/Screenshot_2021-06-29-19-15-05-82_683217e859333056183f9c92847ceb42.jpg?w=1080 1080w\" sizes=\"auto, (max-width: 300px) 100vw, 300px\" data-recalc-dims=\"1\"><\/p>\n<p style=\"text-align: left\">\n<p>The post <a href=\"http:\/\/lexpertjournal.net\/fr\/?p=20549\">PEMA 2 : Le march\u00e9 de toute l\u2019Afrique subsaharienne en point de mire<\/a> first appeared on <a href=\"http:\/\/lexpertjournal.net\/fr\">L&rsquo;Expert Journal<\/a>.<\/p>\n<\/div>\n<p>Auteur: L&rsquo;expert<br \/>\n<a href=\"http:\/\/lexpertjournal.net\/fr\/?p=20549\">Cliquez ici pour lire l&rsquo;article depuis sa source.<\/a><\/p>\n","protected":false},"excerpt":{"rendered":"<p>Mandat\u00e9 par le minist\u00e8re f\u00e9d\u00e9ral allemand de la Coop\u00e9ration \u00e9conomique et du D\u00e9veloppement (BMZ) et mis en \u0153uvre par la GIZ Tunisie, en partenariat avec le minist\u00e8re du Commerce et du D\u00e9veloppement des exportations et le Centre de promotion des exportations (CEPEX), le projet PEMA \u00ab Promotion des activit\u00e9s d\u2019exportation vers de nouveaux march\u00e9s de [&hellip;]<\/p>\n","protected":false},"author":1775,"featured_media":0,"comment_status":"closed","ping_status":"closed","sticky":false,"template":"","format":"standard","meta":{"fifu_image_url":"https:\/\/i1.wp.com\/lexpertjournal.net\/fr\/wp-content\/uploads\/sites\/2\/2021\/06\/Screenshot_2021-06-29-19-16-15-26_683217e859333056183f9c92847ceb42.jpg?resize=300,199","fifu_image_alt":"PEMA 2 : Le march\u00e9 de toute l\u2019Afrique subsaharienne en point de mire","footnotes":""},"categories":[78,55],"tags":[],"class_list":["post-119933","post","type-post","status-publish","format-standard","hentry","category-economie","category-tunisie"],"_links":{"self":[{"href":"https:\/\/linitiative.ca\/International\/wp-json\/wp\/v2\/posts\/119933","targetHints":{"allow":["GET"]}}],"collection":[{"href":"https:\/\/linitiative.ca\/International\/wp-json\/wp\/v2\/posts"}],"about":[{"href":"https:\/\/linitiative.ca\/International\/wp-json\/wp\/v2\/types\/post"}],"author":[{"embeddable":true,"href":"https:\/\/linitiative.ca\/International\/wp-json\/wp\/v2\/users\/1775"}],"replies":[{"embeddable":true,"href":"https:\/\/linitiative.ca\/International\/wp-json\/wp\/v2\/comments?post=119933"}],"version-history":[{"count":0,"href":"https:\/\/linitiative.ca\/International\/wp-json\/wp\/v2\/posts\/119933\/revisions"}],"wp:attachment":[{"href":"https:\/\/linitiative.ca\/International\/wp-json\/wp\/v2\/media?parent=119933"}],"wp:term":[{"taxonomy":"category","embeddable":true,"href":"https:\/\/linitiative.ca\/International\/wp-json\/wp\/v2\/categories?post=119933"},{"taxonomy":"post_tag","embeddable":true,"href":"https:\/\/linitiative.ca\/International\/wp-json\/wp\/v2\/tags?post=119933"}],"curies":[{"name":"wp","href":"https:\/\/api.w.org\/{rel}","templated":true}]}}