{"id":119935,"date":"2021-06-30T08:57:45","date_gmt":"2021-06-30T12:57:45","guid":{"rendered":"https:\/\/linitiative.ca\/International\/reunion-ce-mercredi-du-bureau-executif-dennahdha\/"},"modified":"2021-06-30T08:57:45","modified_gmt":"2021-06-30T12:57:45","slug":"reunion-ce-mercredi-du-bureau-executif-dennahdha","status":"publish","type":"post","link":"https:\/\/linitiative.ca\/International\/reunion-ce-mercredi-du-bureau-executif-dennahdha\/","title":{"rendered":"R\u00e9union ce mercredi du bureau ex\u00e9cutif d\u2019Ennahdha"},"content":{"rendered":"<div>\n<div class=\"field field-name-body field-type-text-with-summary field-label-hidden\">\n<div class=\"field-items\">\n<div class=\"field-item even\">\n<p>Selon un communiqu\u00e9 rendu public, le bureau ex\u00e9cutif du parti Ennahdha va tenir ce mercredi 30 juin 2021 une r\u00e9union.<\/p>\n<p>La situation sanitaire du pays sera au menu des travaux de cette r\u00e9union o\u00f9 Ennahdha formulera des propositions de sortie de crise au gouvernement.<\/p>\n<p>\u00a0<\/p>\n<\/div>\n<\/div>\n<\/div>\n<div class=\"view view-frontpage view-id-frontpage view-display-id-block_related view-dom-id-a2e2b1d0b99241aa1190258ae7ff325d\">\n<div class=\"view-content\">\n<div class=\"list-group\"><strong>espacemanager<\/strong><\/div>\n<\/div>\n<\/div>\n<p>The post <a href=\"http:\/\/lexpertjournal.net\/fr\/?p=20564\">R\u00e9union ce mercredi du bureau ex\u00e9cutif d\u2019Ennahdha<\/a> first appeared on <a href=\"http:\/\/lexpertjournal.net\/fr\">L&rsquo;Expert Journal<\/a>.<\/p>\n<\/div>\n<p>Auteur: L&rsquo;expert<br \/>\n<a href=\"http:\/\/lexpertjournal.net\/fr\/?p=20564\">Cliquez ici pour lire l&rsquo;article depuis sa source.<\/a><\/p>\n","protected":false},"excerpt":{"rendered":"<p>Selon un communiqu\u00e9 rendu public, le bureau ex\u00e9cutif du parti Ennahdha va tenir ce mercredi 30 juin 2021 une r\u00e9union. La situation sanitaire du pays sera au menu des travaux de cette r\u00e9union o\u00f9 Ennahdha formulera des propositions de sortie de crise au gouvernement. \u00a0 espacemanager The post R\u00e9union ce mercredi du bureau ex\u00e9cutif d\u2019Ennahdha [&hellip;]<\/p>\n","protected":false},"author":1775,"featured_media":0,"comment_status":"closed","ping_status":"closed","sticky":false,"template":"","format":"standard","meta":{"fifu_image_url":"","fifu_image_alt":"","footnotes":""},"categories":[78,55],"tags":[],"class_list":["post-119935","post","type-post","status-publish","format-standard","hentry","category-economie","category-tunisie"],"_links":{"self":[{"href":"https:\/\/linitiative.ca\/International\/wp-json\/wp\/v2\/posts\/119935","targetHints":{"allow":["GET"]}}],"collection":[{"href":"https:\/\/linitiative.ca\/International\/wp-json\/wp\/v2\/posts"}],"about":[{"href":"https:\/\/linitiative.ca\/International\/wp-json\/wp\/v2\/types\/post"}],"author":[{"embeddable":true,"href":"https:\/\/linitiative.ca\/International\/wp-json\/wp\/v2\/users\/1775"}],"replies":[{"embeddable":true,"href":"https:\/\/linitiative.ca\/International\/wp-json\/wp\/v2\/comments?post=119935"}],"version-history":[{"count":0,"href":"https:\/\/linitiative.ca\/International\/wp-json\/wp\/v2\/posts\/119935\/revisions"}],"wp:attachment":[{"href":"https:\/\/linitiative.ca\/International\/wp-json\/wp\/v2\/media?parent=119935"}],"wp:term":[{"taxonomy":"category","embeddable":true,"href":"https:\/\/linitiative.ca\/International\/wp-json\/wp\/v2\/categories?post=119935"},{"taxonomy":"post_tag","embeddable":true,"href":"https:\/\/linitiative.ca\/International\/wp-json\/wp\/v2\/tags?post=119935"}],"curies":[{"name":"wp","href":"https:\/\/api.w.org\/{rel}","templated":true}]}}