{"id":119936,"date":"2021-06-30T09:59:02","date_gmt":"2021-06-30T13:59:02","guid":{"rendered":"https:\/\/linitiative.ca\/International\/le-dispositif-tounesna-pour-les-tunisiennes-de-retour-ouvre-une-antenne-a-tunis\/"},"modified":"2021-06-30T09:59:02","modified_gmt":"2021-06-30T13:59:02","slug":"le-dispositif-tounesna-pour-les-tunisiennes-de-retour-ouvre-une-antenne-a-tunis","status":"publish","type":"post","link":"https:\/\/linitiative.ca\/International\/le-dispositif-tounesna-pour-les-tunisiennes-de-retour-ouvre-une-antenne-a-tunis\/","title":{"rendered":"Le dispositif \u00ab\u00a0Tounesna\u00a0\u00bb pour les Tunisien(ne)s de retour ouvre une antenne \u00e0 Tunis"},"content":{"rendered":"<div>\n<p style=\"font-weight: 400\">\n<p style=\"font-weight: 400\">Le ministre des Affaires sociales, M. Mohamed Trabelsi, inaugurera le mercredi 30 juin les locaux de Tunis du dispositif national d\u2019aide \u00e0 la r\u00e9insertion pour les Tunisien(ne)s de retour, en compagnie de l\u2019ambassadeur de l\u2019Union europ\u00e9enne, M. Marcus Cornaro, et de l\u2019ambassadeur de France, M. Andr\u00e9 Parant.<\/p>\n<p style=\"font-weight: 400\">\n<p style=\"font-weight: 400\">Ce dispositif, appel\u00e9 Tounesna, est en cours de d\u00e9ploiement par l\u2019Office des Tunisiens \u00e0 l\u2019\u00e9tranger (OTE) dans neuf gouvernorats\u00a0: Tunis, Bizerte, Le Kef, Kairouan, Monastir, Sfax, Gafsa, Tataouine et M\u00e9denine. Il a pour mission de faciliter la r\u00e9insertion \u00e9conomique et sociale des migrants tunisiens de retour auxquels il propose des services adapt\u00e9s ainsi que des formules d\u2019accompagnement qui s\u2019appuient sur l\u2019intervention coordonn\u00e9e de la Commission g\u00e9n\u00e9rale de la promotion sociale (CGPS) et de l\u2019Agence nationale pour l\u2019emploi et le travail ind\u00e9pendant (ANETI).<\/p>\n<p style=\"font-weight: 400\">\n<p style=\"font-weight: 400\">La mise en place de ce dispositif a b\u00e9n\u00e9fici\u00e9 de la coop\u00e9ration technique de l\u2019Union europ\u00e9enne, \u00e0 travers le programme \u00ab\u00a0ProGreS Migration Tunisie\u00a0\u00bb financ\u00e9 par le Fonds fiduciaire d\u2019urgence (FFU), avec Expertise France (EF) et l\u2019Office fran\u00e7ais de l\u2019immigration et de l\u2019int\u00e9gration (OFII) comme agences de mise en \u0153uvre.<\/p>\n<p style=\"font-weight: 400\">Compte tenu de la situation sanitaire, l\u2019inauguration de l\u2019antenne Tounesna \u00e0 Tunis se d\u00e9roulera en comit\u00e9 restreint au si\u00e8ge de l\u2019Office des Tunisiens \u00e0 l\u2019\u00e9tranger, en pr\u00e9sence des repr\u00e9sentants des pays europ\u00e9ens partenaires du dispositif (Allemagne, Autriche, Belgique, France, Pays-Bas et Suisse), ainsi que des partenaires institutionnels tunisiens.<\/p>\n<p style=\"font-weight: 400\">\n<p style=\"font-weight: 400\">Un point de presse aura lieu sur place pour d\u00e9tailler les prestations du dispositif Tounesna et expliquer son r\u00f4le dans le processus de r\u00e9insertion des migrants.<\/p>\n<p>The post <a href=\"http:\/\/lexpertjournal.net\/fr\/?p=20570\">Le dispositif \u00ab\u00a0Tounesna\u00a0\u00bb pour les Tunisien(ne)s de retour ouvre une antenne \u00e0 Tunis<\/a> first appeared on <a href=\"http:\/\/lexpertjournal.net\/fr\">L&rsquo;Expert Journal<\/a>.<\/p>\n<\/div>\n<p>Auteur: L&rsquo;expert<br \/>\n<a href=\"http:\/\/lexpertjournal.net\/fr\/?p=20570\">Cliquez ici pour lire l&rsquo;article depuis sa source.<\/a><\/p>\n","protected":false},"excerpt":{"rendered":"<p>Le ministre des Affaires sociales, M. Mohamed Trabelsi, inaugurera le mercredi 30 juin les locaux de Tunis du dispositif national d\u2019aide \u00e0 la r\u00e9insertion pour les Tunisien(ne)s de retour, en compagnie de l\u2019ambassadeur de l\u2019Union europ\u00e9enne, M. Marcus Cornaro, et de l\u2019ambassadeur de France, M. Andr\u00e9 Parant. Ce dispositif, appel\u00e9 Tounesna, est en cours de [&hellip;]<\/p>\n","protected":false},"author":1775,"featured_media":0,"comment_status":"closed","ping_status":"closed","sticky":false,"template":"","format":"standard","meta":{"fifu_image_url":"","fifu_image_alt":"","footnotes":""},"categories":[78,55],"tags":[],"class_list":["post-119936","post","type-post","status-publish","format-standard","hentry","category-economie","category-tunisie"],"_links":{"self":[{"href":"https:\/\/linitiative.ca\/International\/wp-json\/wp\/v2\/posts\/119936","targetHints":{"allow":["GET"]}}],"collection":[{"href":"https:\/\/linitiative.ca\/International\/wp-json\/wp\/v2\/posts"}],"about":[{"href":"https:\/\/linitiative.ca\/International\/wp-json\/wp\/v2\/types\/post"}],"author":[{"embeddable":true,"href":"https:\/\/linitiative.ca\/International\/wp-json\/wp\/v2\/users\/1775"}],"replies":[{"embeddable":true,"href":"https:\/\/linitiative.ca\/International\/wp-json\/wp\/v2\/comments?post=119936"}],"version-history":[{"count":0,"href":"https:\/\/linitiative.ca\/International\/wp-json\/wp\/v2\/posts\/119936\/revisions"}],"wp:attachment":[{"href":"https:\/\/linitiative.ca\/International\/wp-json\/wp\/v2\/media?parent=119936"}],"wp:term":[{"taxonomy":"category","embeddable":true,"href":"https:\/\/linitiative.ca\/International\/wp-json\/wp\/v2\/categories?post=119936"},{"taxonomy":"post_tag","embeddable":true,"href":"https:\/\/linitiative.ca\/International\/wp-json\/wp\/v2\/tags?post=119936"}],"curies":[{"name":"wp","href":"https:\/\/api.w.org\/{rel}","templated":true}]}}