{"id":119937,"date":"2021-06-30T05:30:00","date_gmt":"2021-06-30T09:30:00","guid":{"rendered":"https:\/\/linitiative.ca\/International\/aqs-face-aux-contraintes-de-fermeture-de-lespace-aerien\/"},"modified":"2021-06-30T05:30:00","modified_gmt":"2021-06-30T09:30:00","slug":"aqs-face-aux-contraintes-de-fermeture-de-lespace-aerien","status":"publish","type":"post","link":"https:\/\/linitiative.ca\/International\/aqs-face-aux-contraintes-de-fermeture-de-lespace-aerien\/","title":{"rendered":"AQS face aux contraintes de fermeture de l\u2019espace a\u00e9rien"},"content":{"rendered":"<div>Face \u00e0 la contrainte de fermeture de l\u2019espace a\u00e9rien depuis plus d\u2019une ann\u00e9e, Algerian Qatari Steel (AQS) a \u00e9t\u00e9 priv\u00e9e d\u2019une assistance \u00e9trang\u00e8re sp\u00e9cialis\u00e9e pour la mise en marche de l\u2019ensemble des installations de son complexe sid\u00e9rurgique &#8230;<\/div>\n<p>Auteur:<br \/>\n<a href=\"https:\/\/www.liberte-algerie.com\/radar\/aqs-face-aux-contraintes-de-fermeture-de-lespace-aerien-361146\">Cliquez ici pour lire l&rsquo;article depuis sa source.<\/a><\/p>\n","protected":false},"excerpt":{"rendered":"<p>Face \u00e0 la contrainte de fermeture de l\u2019espace a\u00e9rien depuis plus d\u2019une ann\u00e9e, Algerian Qatari Steel (AQS) a \u00e9t\u00e9 priv\u00e9e d\u2019une assistance \u00e9trang\u00e8re sp\u00e9cialis\u00e9e pour la mise en marche de l\u2019ensemble des installations de son complexe sid\u00e9rurgique &#8230; Auteur: Cliquez ici pour lire l&rsquo;article depuis sa source.<\/p>\n","protected":false},"author":1742,"featured_media":0,"comment_status":"closed","ping_status":"closed","sticky":false,"template":"","format":"standard","meta":{"fifu_image_url":"","fifu_image_alt":"","footnotes":""},"categories":[73,53],"tags":[],"class_list":["post-119937","post","type-post","status-publish","format-standard","hentry","category-actualite","category-algerie"],"_links":{"self":[{"href":"https:\/\/linitiative.ca\/International\/wp-json\/wp\/v2\/posts\/119937","targetHints":{"allow":["GET"]}}],"collection":[{"href":"https:\/\/linitiative.ca\/International\/wp-json\/wp\/v2\/posts"}],"about":[{"href":"https:\/\/linitiative.ca\/International\/wp-json\/wp\/v2\/types\/post"}],"author":[{"embeddable":true,"href":"https:\/\/linitiative.ca\/International\/wp-json\/wp\/v2\/users\/1742"}],"replies":[{"embeddable":true,"href":"https:\/\/linitiative.ca\/International\/wp-json\/wp\/v2\/comments?post=119937"}],"version-history":[{"count":0,"href":"https:\/\/linitiative.ca\/International\/wp-json\/wp\/v2\/posts\/119937\/revisions"}],"wp:attachment":[{"href":"https:\/\/linitiative.ca\/International\/wp-json\/wp\/v2\/media?parent=119937"}],"wp:term":[{"taxonomy":"category","embeddable":true,"href":"https:\/\/linitiative.ca\/International\/wp-json\/wp\/v2\/categories?post=119937"},{"taxonomy":"post_tag","embeddable":true,"href":"https:\/\/linitiative.ca\/International\/wp-json\/wp\/v2\/tags?post=119937"}],"curies":[{"name":"wp","href":"https:\/\/api.w.org\/{rel}","templated":true}]}}