{"id":119941,"date":"2021-06-30T12:20:00","date_gmt":"2021-06-30T16:20:00","guid":{"rendered":"https:\/\/linitiative.ca\/International\/video-tebboune-veut-un-gouvernement-dans-un-delai-dune-semaine\/"},"modified":"2021-06-30T12:20:00","modified_gmt":"2021-06-30T16:20:00","slug":"video-tebboune-veut-un-gouvernement-dans-un-delai-dune-semaine","status":"publish","type":"post","link":"https:\/\/linitiative.ca\/International\/video-tebboune-veut-un-gouvernement-dans-un-delai-dune-semaine\/","title":{"rendered":"[Vid\u00e9o] Tebboune veut un gouvernement dans un d\u00e9lai d\u2019une semaine"},"content":{"rendered":"<div>Le pr\u00e9sident Abdelmadjid Tebboune a fix\u00e9 un d\u00e9lai d\u2019 \u00ab une semaine \u00bb au nouveau Premier ministre, Aymen Benabderrahmane, pour former son gouvernement, en le recevant, ce mercredi,  \u00e0 la Pr\u00e9sidence de la r\u00e9publique.<\/div>\n<p>Auteur:<br \/>\n<a href=\"https:\/\/www.liberte-algerie.com\/actualite\/video-tebboune-veut-un-gouvernement-dans-un-delai-dune-semaine-361203\">Cliquez ici pour lire l&rsquo;article depuis sa source.<\/a><\/p>\n","protected":false},"excerpt":{"rendered":"<p>Le pr\u00e9sident Abdelmadjid Tebboune a fix\u00e9 un d\u00e9lai d\u2019 \u00ab une semaine \u00bb au nouveau Premier ministre, Aymen Benabderrahmane, pour former son gouvernement, en le recevant, ce mercredi, \u00e0 la Pr\u00e9sidence de la r\u00e9publique. Auteur: Cliquez ici pour lire l&rsquo;article depuis sa source.<\/p>\n","protected":false},"author":1742,"featured_media":0,"comment_status":"closed","ping_status":"closed","sticky":false,"template":"","format":"standard","meta":{"fifu_image_url":"","fifu_image_alt":"","footnotes":""},"categories":[73,53],"tags":[],"class_list":["post-119941","post","type-post","status-publish","format-standard","hentry","category-actualite","category-algerie"],"_links":{"self":[{"href":"https:\/\/linitiative.ca\/International\/wp-json\/wp\/v2\/posts\/119941","targetHints":{"allow":["GET"]}}],"collection":[{"href":"https:\/\/linitiative.ca\/International\/wp-json\/wp\/v2\/posts"}],"about":[{"href":"https:\/\/linitiative.ca\/International\/wp-json\/wp\/v2\/types\/post"}],"author":[{"embeddable":true,"href":"https:\/\/linitiative.ca\/International\/wp-json\/wp\/v2\/users\/1742"}],"replies":[{"embeddable":true,"href":"https:\/\/linitiative.ca\/International\/wp-json\/wp\/v2\/comments?post=119941"}],"version-history":[{"count":0,"href":"https:\/\/linitiative.ca\/International\/wp-json\/wp\/v2\/posts\/119941\/revisions"}],"wp:attachment":[{"href":"https:\/\/linitiative.ca\/International\/wp-json\/wp\/v2\/media?parent=119941"}],"wp:term":[{"taxonomy":"category","embeddable":true,"href":"https:\/\/linitiative.ca\/International\/wp-json\/wp\/v2\/categories?post=119941"},{"taxonomy":"post_tag","embeddable":true,"href":"https:\/\/linitiative.ca\/International\/wp-json\/wp\/v2\/tags?post=119941"}],"curies":[{"name":"wp","href":"https:\/\/api.w.org\/{rel}","templated":true}]}}