{"id":119944,"date":"2021-06-30T07:18:12","date_gmt":"2021-06-30T11:18:12","guid":{"rendered":"https:\/\/linitiative.ca\/International\/aci-laeroport-international-marrakech-menara-certifie-aha\/"},"modified":"2021-06-30T07:18:12","modified_gmt":"2021-06-30T11:18:12","slug":"aci-laeroport-international-marrakech-menara-certifie-aha","status":"publish","type":"post","link":"https:\/\/linitiative.ca\/International\/aci-laeroport-international-marrakech-menara-certifie-aha\/","title":{"rendered":"ACI: L\u2019a\u00e9roport international Marrakech-M\u00e9nara certifi\u00e9 \u00ab\u00a0AHA\u00a0\u00bb"},"content":{"rendered":"<div>\n<div style=\"margin-bottom:20px;\"><img loading=\"lazy\" decoding=\"async\" width=\"750\" height=\"430\" src=\"https:\/\/linitiative.ca\/International\/wp-content\/uploads\/sites\/23\/2021\/06\/aC3A9roport-Marrakech-3-copier.jpg\" class=\"attachment-post-thumbnail size-post-thumbnail wp-post-image\" alt=\"\" srcset=\"https:\/\/linitiative.ca\/International\/wp-content\/uploads\/sites\/23\/2021\/06\/aC3A9roport-Marrakech-3-copier.jpg 750w, http:\/\/www.mapmarrakech.ma\/map\/uploads\/2021\/06\/a\u00e9roport-Marrakech-3-copier-300x172.jpg 300w\" sizes=\"auto, (max-width: 750px) 100vw, 750px\"><\/div>\n<p>Cette distinction attribu\u00e9e par ACI vient attester de l\u2019efficacit\u00e9 et de la pertinence du protocole sanitaire mis en \u0153uvre par l\u2019Office National des A\u00e9roports (ONDA) dans ses a\u00e9roports, souligne un communiqu\u00e9 de l\u2019Office, notant que cette certification se propose de rassurer les passagers et renforcer leur confiance, en leur assurant que les espaces a\u00e9roportuaires sont s\u00fbrs et que toutes les pr\u00e9cautions ont \u00e9t\u00e9 prises pour r\u00e9duire tout risque relatif \u00e0 leur sant\u00e9.<\/p>\n<p>Et l\u2019ONDA de rappeler que la certification sanitaire \u00ab\u00a0Airport Health Accreditation\u00a0\u00bb est un programme d\u2019accr\u00e9ditation destin\u00e9 \u00e0 \u00e9valuer l\u2019alignement des a\u00e9roports sur le plan sanitaire avec les recommandations internationales d\u00e9finies par le groupe de travail sur le red\u00e9marrage de l\u2019aviation du Conseil de l\u2019Organisation de l\u2019Aviation Civile Internationale (OACI).<\/p>\n<p>Ce programme, poursuit la m\u00eame source, se base sur la r\u00e9alisation d\u2019un audit sur les mesures sanitaires d\u00e9ploy\u00e9es sur tous les process et zones de l\u2019a\u00e9roport, notant que l\u2019ACI a audit\u00e9 tout le dispositif sanitaire mis en place par cet a\u00e9roport international et qui concerne tous les aspects de l\u2019exploitation a\u00e9roportuaire dans les diff\u00e9rentes zones de l\u2019a\u00e9roport : distanciation physique, protection des personnels, nettoyage, d\u00e9sinfection, am\u00e9nagement des installations et \u00e9quipements, sans oublier la communication et l\u2019information sur tous les process et zones de l\u2019a\u00e9roport; de l\u2019acc\u00e8s aux terminaux jusqu\u2019\u00e0 l\u2019embarquement dans l\u2019avion et de l\u2019arriv\u00e9e de l\u2019avion \u00e0 la sortie des terminaux, en passant par la livraison des bagages.<\/p>\n<p>Pleinement engag\u00e9 pour accompagner la reprise du trafic a\u00e9rien, dans le strict respect des mesures sanitaires, le personnel de l\u2019ONDA reste mobilis\u00e9 pour offrir aux voyageurs, un accueil rassurant et chaleureux, et un parcours sain dans les a\u00e9roports du Royaume.<\/p>\n<p>A rappeler que l\u2019a\u00e9roport Marrakech-M\u00e9nara a obtenu cette certification sanitaire aux c\u00f4t\u00e9s des a\u00e9roports de Casablanca-Mohammed V, Agadir-Al Massira, Rabat-Sal\u00e9, Oujda-Angads, F\u00e8s-Sa\u00efs, Tanger- Ibn Batouta, Ouarzazate, Nador-El Aroui, Essaouira- Mogador, Al Hoceima-Ch\u00e9rif El Idrissi, Errachidia-Moulay Ali Ch\u00e9rif, T\u00e9touan-Saniat R\u2019mel, Dakhla et La\u00e2youne-Hassan 1er.<\/p>\n<p>The post <a rel=\"nofollow\" href=\"http:\/\/www.mapmarrakech.ma\/fr\/aci-laeroport-international-marrakech-menara-certifie-aha\/\">ACI: L\u2019a\u00e9roport international Marrakech-M\u00e9nara certifi\u00e9 \u00ab\u00a0AHA\u00a0\u00bb<\/a> appeared first on <a rel=\"nofollow\" href=\"http:\/\/www.mapmarrakech.ma\/fr\">MapMarrakech<\/a>.<\/p>\n<\/div>\n<p>Auteur: Meriem IGASS<br \/>\n<a href=\"http:\/\/www.mapmarrakech.ma\/fr\/aci-laeroport-international-marrakech-menara-certifie-aha\/\">Cliquez ici pour lire l&rsquo;article depuis sa source.<\/a><\/p>\n","protected":false},"excerpt":{"rendered":"<p>Cette distinction attribu\u00e9e par ACI vient attester de l\u2019efficacit\u00e9 et de la pertinence du protocole sanitaire mis en \u0153uvre par l\u2019Office National des A\u00e9roports (ONDA) dans ses a\u00e9roports, souligne un communiqu\u00e9 de l\u2019Office, notant que cette certification se propose de rassurer les passagers et renforcer leur confiance, en leur assurant que les espaces a\u00e9roportuaires sont [&hellip;]<\/p>\n","protected":false},"author":1788,"featured_media":0,"comment_status":"closed","ping_status":"closed","sticky":false,"template":"","format":"standard","meta":{"fifu_image_url":"http:\/\/www.mapmarrakech.ma\/map\/uploads\/2021\/06\/a\u00e9roport-Marrakech-3-copier.jpg","fifu_image_alt":"ACI: L\u2019a\u00e9roport international Marrakech-M\u00e9nara certifi\u00e9 \u00ab\u00a0AHA\u00a0\u00bb","footnotes":""},"categories":[54,76],"tags":[],"class_list":["post-119944","post","type-post","status-publish","format-standard","hentry","category-maroc","category-regions"],"_links":{"self":[{"href":"https:\/\/linitiative.ca\/International\/wp-json\/wp\/v2\/posts\/119944","targetHints":{"allow":["GET"]}}],"collection":[{"href":"https:\/\/linitiative.ca\/International\/wp-json\/wp\/v2\/posts"}],"about":[{"href":"https:\/\/linitiative.ca\/International\/wp-json\/wp\/v2\/types\/post"}],"author":[{"embeddable":true,"href":"https:\/\/linitiative.ca\/International\/wp-json\/wp\/v2\/users\/1788"}],"replies":[{"embeddable":true,"href":"https:\/\/linitiative.ca\/International\/wp-json\/wp\/v2\/comments?post=119944"}],"version-history":[{"count":0,"href":"https:\/\/linitiative.ca\/International\/wp-json\/wp\/v2\/posts\/119944\/revisions"}],"wp:attachment":[{"href":"https:\/\/linitiative.ca\/International\/wp-json\/wp\/v2\/media?parent=119944"}],"wp:term":[{"taxonomy":"category","embeddable":true,"href":"https:\/\/linitiative.ca\/International\/wp-json\/wp\/v2\/categories?post=119944"},{"taxonomy":"post_tag","embeddable":true,"href":"https:\/\/linitiative.ca\/International\/wp-json\/wp\/v2\/tags?post=119944"}],"curies":[{"name":"wp","href":"https:\/\/api.w.org\/{rel}","templated":true}]}}