{"id":119946,"date":"2021-06-30T08:19:43","date_gmt":"2021-06-30T12:19:43","guid":{"rendered":"https:\/\/linitiative.ca\/International\/le-fado-a-lhonneur-a-essaouira\/"},"modified":"2021-06-30T08:19:43","modified_gmt":"2021-06-30T12:19:43","slug":"le-fado-a-lhonneur-a-essaouira","status":"publish","type":"post","link":"https:\/\/linitiative.ca\/International\/le-fado-a-lhonneur-a-essaouira\/","title":{"rendered":"Le Fado \u00e0 l\u2019honneur \u00e0 Essaouira"},"content":{"rendered":"<div>\n<div style=\"margin-bottom:20px;\"><img loading=\"lazy\" decoding=\"async\" width=\"750\" height=\"430\" src=\"https:\/\/linitiative.ca\/International\/wp-content\/uploads\/sites\/23\/2021\/06\/essaouira-musique-copier.jpg\" class=\"attachment-post-thumbnail size-post-thumbnail wp-post-image\" alt=\"\" srcset=\"https:\/\/linitiative.ca\/International\/wp-content\/uploads\/sites\/23\/2021\/06\/essaouira-musique-copier.jpg 750w, http:\/\/www.mapmarrakech.ma\/map\/uploads\/2021\/06\/essaouira-musique-copier-300x172.jpg 300w\" sizes=\"auto, (max-width: 750px) 100vw, 750px\"><\/div>\n<p>Ainsi, les amoureux et les m\u00e9lomanes de ce genre musical, symbole de la culture portugaise, mais qui reste ins\u00e9parable de la tradition de la capitale Lisbonne, ont \u00e9t\u00e9 gratifi\u00e9s d\u2019une soir\u00e9e m\u00e9morable, organis\u00e9e \u00e0 l\u2019initiative de l\u2019Association Essaouira-Mogador dans le cadre de l\u2019\u00e9dition 2021 du Festival \u00ab\u00a0Sete S\u00f3is Sete Luas\u00a0\u00bb.<\/p>\n<p>C\u2019\u00e9tait l\u2019occasion aussi pour c\u00e9l\u00e9brer les plus belles pages du riche r\u00e9pertoire du \u00ab\u00a0Fado\u00a0\u00bb, avec \u00e0 la cl\u00e9 de purs moments de plaisir partag\u00e9s dans un espace aussi symbolique que celui de Dar Souiri.<\/p>\n<p>Une heure et demie durant, Sara Correia a interpr\u00e9t\u00e9 avec brio gr\u00e2ce \u00e0 sa voix suave et langoureuse les grands classiques du r\u00e9pertoire de ce genre musical m\u00e9lancolique et poignant.<\/p>\n<p>Avec sa voix aussi puissante qu\u2019enveloppante, cette \u00ab\u00a0fadista\u00a0\u00bb accompagn\u00e9e de deux guitaristes ont \u00e9t\u00e9, le temps de cette soir\u00e9e m\u00e9morable, les porte-paroles des nobles sentiments humains en chantant l\u2019amour, la jalousie, la nostalgie du pass\u00e9, le chagrin ou encore l\u2019exil.<\/p>\n<p>Pour la secr\u00e9taire g\u00e9n\u00e9rale de l\u2019Association Essaouira-Mogador, Mme Kaoutar Chakir Benamara, ce concert rev\u00eat un caract\u00e8re \u00ab\u00a0sp\u00e9cial en ce sens que c\u2019est la premi\u00e8re fois depuis 17 mois que nous retrouvons le public\u00a0\u00bb.<\/p>\n<p>Outre la c\u00e9l\u00e9bration du Fado, \u00ab\u00a0ce concert \u00e9tait pour nous le spectacle des retrouvailles\u00a0\u00bb, a-t-elle dit dans une d\u00e9claration \u00e0 la MAP, expliquant qu\u2019apr\u00e8s une absence due \u00e0 la pand\u00e9mie de la Covid-19 le \u00ab\u00a0Sete Sois Sete luas Essaouira\u00a0\u00bb retrouve son public passionn\u00e9.<\/p>\n<p>\u00ab\u00a0Cette soir\u00e9e nous a permis de r\u00e9fl\u00e9chir \u00e0 ce que nous avons travers\u00e9 et ce dont nous avons \u00e9t\u00e9 priv\u00e9s pendant la pand\u00e9mie : la musique, la beaut\u00e9, mais surtout le contact humain et la magie du live\u00a0\u00bb, a-t-elle encha\u00een\u00e9.<\/p>\n<p>Il s\u2019agit, en effet, d&rsquo;\u00a0\u00bbun voyage sans passeport vaccinal, ni test PCR, ni autorisation exceptionnelle\u00a0\u00bb dans le monde de la musique, a-t-elle soutenu.<\/p>\n<p>A noter que ce concert de Fado s\u2019inscrit dans le cadre de l\u2019\u00e9dition 2021 du Festival \u00ab\u00a0Sete S\u00f3is Sete Luas\u00a0\u00bb (musique populaire et art contemporain), mis en \u0153uvre par un r\u00e9seau culturel de 34 villes de 13 pays de la M\u00e9diterran\u00e9e et du monde lusophone notamment, Br\u00e9sil, Cap Vert, Croatie, Espagne, France, Gr\u00e8ce, Italie, Maroc, Portugal, Roumanie, Slov\u00e9nie et Tunisie. La ville d\u2019Essaouira repr\u00e9sente le Royaume au sein de ce r\u00e9seau depuis 2017.<\/p>\n<p>A 28 ans, Sara Correia est d\u00e9j\u00e0 une grande fadiste. Pendant de nombreuses ann\u00e9es, elle s\u2019est produite dans les meilleures maisons de fado \u00e0 Lisbonne, o\u00f9 elle a eu le privil\u00e8ge de chanter aux c\u00f4t\u00e9s de grands noms tels que Celeste Rodrigues, Jorge Fernando et Maria da Nazar\u00e9, entre autres.<\/p>\n<p>En 2018, elle a lanc\u00e9 son premier album \u00e9ponyme qui, en plus de capturer le public, a d\u00e9j\u00e0 \u00e9t\u00e9 bien salu\u00e9 par la critique.<\/p>\n<p>La jeune artiste, connue pour sa voix \u00e0 la fois harmonieuse et jeune, a d\u00e9j\u00e0 jou\u00e9 avec beaucoup de succ\u00e8s au Centre Culturel de Belem, dans de nombreux festivals et chant\u00e9 lors du Concert \u00ab\u00a0For a New Future\u00a0\u00bb, dans la plus grande salle de spectacles du Portugal, l\u2019Altice Arena.<\/p>\n<p>Le fado se veut non pas un art de divertissement et de distraction, mais de r\u00e9flexion et de contemplation sur la signification profonde des paroles, et par cons\u00e9quent, sur les traditions et le mode de vie du pays, en particulier Lisbonne \u00ab\u00a0Lisboa\u00a0\u00bb, en portugais, pr\u00e9sente dans la quasi-totalit\u00e9 des chansons, par amour et affection \u00e0 cette ville qui a donn\u00e9 naissance \u00e0 ce genre musical, devenu ensuite de renomm\u00e9e universelle.<\/p>\n<p>Ce chant portugais m\u00e9lodieux et m\u00e9lancolique, qui a vu le jour \u00e0 Lisbonne, s\u2019exprime aux sons de la guitare lusitanienne.<\/p>\n<p>D\u00e9clar\u00e9 patrimoine culturel immat\u00e9riel de l\u2019humanit\u00e9 par l\u2019UNESCO en novembre 2011 pour la perp\u00e9tuation de cet art, le fado repr\u00e9sente la face la plus pure de l\u2019\u00e2me de Lisbonne. Plus que des chansons, il est une expression musicale portugaise qui traduit les sentiments et le mode vie d\u2019une ville, accompagn\u00e9e par les accords m\u00e9lancoliques de la guitare portugaise traditionnelle.<\/p>\n<p>Gr\u00e2ce \u00e0 son langage simple et sentimental, le fado surmonte toutes les barri\u00e8res, devient universel et est appr\u00e9ci\u00e9 par des millions de personnes \u00e0 travers le monde.<\/p>\n<p>The post <a rel=\"nofollow\" href=\"http:\/\/www.mapmarrakech.ma\/fr\/le-fado-a-lhonneur-a-essaouira\/\">Le Fado \u00e0 l\u2019honneur \u00e0 Essaouira<\/a> appeared first on <a rel=\"nofollow\" href=\"http:\/\/www.mapmarrakech.ma\/fr\">MapMarrakech<\/a>.<\/p>\n<\/div>\n<p>Auteur: Meriem IGASS<br \/>\n<a href=\"http:\/\/www.mapmarrakech.ma\/fr\/le-fado-a-lhonneur-a-essaouira\/\">Cliquez ici pour lire l&rsquo;article depuis sa source.<\/a><\/p>\n","protected":false},"excerpt":{"rendered":"<p>Ainsi, les amoureux et les m\u00e9lomanes de ce genre musical, symbole de la culture portugaise, mais qui reste ins\u00e9parable de la tradition de la capitale Lisbonne, ont \u00e9t\u00e9 gratifi\u00e9s d\u2019une soir\u00e9e m\u00e9morable, organis\u00e9e \u00e0 l\u2019initiative de l\u2019Association Essaouira-Mogador dans le cadre de l\u2019\u00e9dition 2021 du Festival \u00ab\u00a0Sete S\u00f3is Sete Luas\u00a0\u00bb. C\u2019\u00e9tait l\u2019occasion aussi pour c\u00e9l\u00e9brer [&hellip;]<\/p>\n","protected":false},"author":1788,"featured_media":0,"comment_status":"closed","ping_status":"closed","sticky":false,"template":"","format":"standard","meta":{"fifu_image_url":"http:\/\/www.mapmarrakech.ma\/map\/uploads\/2021\/06\/essaouira-musique-copier.jpg","fifu_image_alt":"Le Fado \u00e0 l\u2019honneur \u00e0 Essaouira","footnotes":""},"categories":[54,76],"tags":[],"class_list":["post-119946","post","type-post","status-publish","format-standard","hentry","category-maroc","category-regions"],"_links":{"self":[{"href":"https:\/\/linitiative.ca\/International\/wp-json\/wp\/v2\/posts\/119946","targetHints":{"allow":["GET"]}}],"collection":[{"href":"https:\/\/linitiative.ca\/International\/wp-json\/wp\/v2\/posts"}],"about":[{"href":"https:\/\/linitiative.ca\/International\/wp-json\/wp\/v2\/types\/post"}],"author":[{"embeddable":true,"href":"https:\/\/linitiative.ca\/International\/wp-json\/wp\/v2\/users\/1788"}],"replies":[{"embeddable":true,"href":"https:\/\/linitiative.ca\/International\/wp-json\/wp\/v2\/comments?post=119946"}],"version-history":[{"count":0,"href":"https:\/\/linitiative.ca\/International\/wp-json\/wp\/v2\/posts\/119946\/revisions"}],"wp:attachment":[{"href":"https:\/\/linitiative.ca\/International\/wp-json\/wp\/v2\/media?parent=119946"}],"wp:term":[{"taxonomy":"category","embeddable":true,"href":"https:\/\/linitiative.ca\/International\/wp-json\/wp\/v2\/categories?post=119946"},{"taxonomy":"post_tag","embeddable":true,"href":"https:\/\/linitiative.ca\/International\/wp-json\/wp\/v2\/tags?post=119946"}],"curies":[{"name":"wp","href":"https:\/\/api.w.org\/{rel}","templated":true}]}}