{"id":119948,"date":"2021-06-29T19:03:59","date_gmt":"2021-06-29T23:03:59","guid":{"rendered":"https:\/\/linitiative.ca\/International\/province-de-guercif-lancement-dun-projet-damenagement-hydro-agricole\/"},"modified":"2021-06-29T19:03:59","modified_gmt":"2021-06-29T23:03:59","slug":"province-de-guercif-lancement-dun-projet-damenagement-hydro-agricole","status":"publish","type":"post","link":"https:\/\/linitiative.ca\/International\/province-de-guercif-lancement-dun-projet-damenagement-hydro-agricole\/","title":{"rendered":"Province de Guercif : Lancement d\u2019un projet d\u2019am\u00e9nagement hydro-agricole"},"content":{"rendered":"<div>\n<div style=\"margin-bottom:20px;\"><img loading=\"lazy\" decoding=\"async\" width=\"750\" height=\"430\" src=\"https:\/\/linitiative.ca\/International\/wp-content\/uploads\/sites\/23\/2021\/06\/Barrage-C3A0-Moulay-Yaacoub-M750C397430-MAP.jpg\" class=\"attachment-post-thumbnail size-post-thumbnail wp-post-image\" alt=\"\" srcset=\"https:\/\/linitiative.ca\/International\/wp-content\/uploads\/sites\/23\/2021\/06\/Barrage-C3A0-Moulay-Yaacoub-M750C397430-MAP.jpg 750w, http:\/\/www.mapoujda.ma\/map\/uploads\/2021\/06\/Barrage-\u00e0-Moulay-Yaacoub-M750\u00d7430-MAP-300x172.jpg 300w\" sizes=\"auto, (max-width: 750px) 100vw, 750px\"><\/div>\n<div>\n<p style=\"text-align: justify;\">La promotion du secteur agricole au niveau de la province de Guercif vient de franchir une nouvelle \u00e9tape avec le lancement, mardi, des travaux de la premi\u00e8re phase du projet d\u2019am\u00e9nagement hydro-agricole du p\u00e9rim\u00e8tre irrigu\u00e9 de Taddart pour un investissement de plus de 11 millions de dirhams (MDH).<\/p>\n<p style=\"text-align: justify;\">La c\u00e9r\u00e9monie de lancement de ce projet qui profitera \u00e0 544 agriculteurs a \u00e9t\u00e9 pr\u00e9sid\u00e9e par le secr\u00e9taire g\u00e9n\u00e9ral du minist\u00e8re de l\u2019Agriculture, de la p\u00eache maritime, du d\u00e9veloppement rural et des eaux et for\u00eats, Mohamed Sadiki, accompagn\u00e9 notamment du gouverneur de la province de Guercif, Hassan Belmahi.<\/p>\n<p style=\"text-align: justify;\">D\u2019une grande importance socio-\u00e9conomique, le projet d\u2019am\u00e9nagement hydro-agricole du p\u00e9rim\u00e8tre de Taddart (phase 1) sera r\u00e9alis\u00e9 dans un d\u00e9lai de 12 mois pour un co\u00fbt global de 11.165.093 dirhams.<\/p>\n<p style=\"text-align: justify;\">Les travaux de r\u00e9alisation de ce projet qui va permettre, dans sa premi\u00e8re phase, l\u2019irrigation de 3.403 hectares, concerneront l\u2019am\u00e9nagement d\u2019un acc\u00e8s \u00e0 la prise d\u2019eau principale sur l\u2019oued Melloulou, la r\u00e9habilitation de la prise d\u2019eau, ainsi que l\u2019am\u00e9nagement et la r\u00e9habilitation du canal principal et les canaux secondaires du p\u00e9rim\u00e8tre sur une longueur de 5.000 m\u00e8tres.<\/p>\n<p style=\"text-align: justify;\">Les objectifs escompt\u00e9s de ce projet sont multiples, \u00e0 savoir la rationalisation de l\u2019usage de l\u2019eau \u00e0 travers l\u2019am\u00e9lioration de l\u2019efficacit\u00e9 du r\u00e9seau hydro-agricole au niveau du p\u00e9rim\u00e8tre, l\u2019augmentation du rendement de production, l\u2019am\u00e9lioration du revenu des agriculteurs, la cr\u00e9ation d\u2019opportunit\u00e9s d\u2019emploi et la contribution \u00e0 la ma\u00eetrise de l\u2019exode rural.<\/p>\n<p style=\"text-align: justify;\">Selon des donn\u00e9es de la Direction r\u00e9gionale de l\u2019Agriculture de l\u2019Oriental, ce projet s\u2019inscrit dans le sillage de la poursuite de la dynamique de d\u00e9veloppement que conna\u00eet le secteur agricole dans la province de Guercif.<\/p>\n<p style=\"text-align: justify;\">Dans une d\u00e9claration \u00e0 la presse, M. Sadiki a fait savoir que le projet d\u2019am\u00e9nagement hydro-agricole sur l\u2019oued Melloulou, le premier au niveau de la province de Guercif d\u00e9di\u00e9 \u00e0 l\u2019irrigation, rentre dans le cadre de la mise en \u0153uvre de la nouvelle strat\u00e9gie de d\u00e9veloppement du secteur agricole \u00abG\u00e9n\u00e9ration Green 2020-2030\u00bb, lanc\u00e9e par SM le Roi Mohammed VI l\u2019ann\u00e9e derni\u00e8re.<\/p>\n<p style=\"text-align: justify;\">\u00abC\u2019est un projet structurant qui tend la modernisation de la petite et moyenne irrigation dans cette province qui se caract\u00e9rise par une superficie irrigu\u00e9e d\u2019environ 21.000 hectares\u00bb, a-t-il dit, notant qu\u2019il s\u2019agit l\u00e0 de la premi\u00e8re phase du projet qui permettra l\u2019irrigation de 3.403 hectares et que les autres phases devront permettre d\u2019atteindre un taux de couverture en irrigation localis\u00e9e dans la province de 97 pc.<\/p>\n<p style=\"text-align: justify;\">La c\u00e9r\u00e9monie de lancement de ce projet s\u2019est d\u00e9roul\u00e9e en pr\u00e9sence \u00e9galement du directeur r\u00e9gional de l\u2019Agriculture de l\u2019Oriental, du pr\u00e9sident de la commune de Taddart, des repr\u00e9sentants des diff\u00e9rents groupements professionnels concern\u00e9s par le p\u00e9rim\u00e8tre irrigu\u00e9 de Taddart, et d\u2019autres personnalit\u00e9s.<\/p>\n<p style=\"text-align: justify;\">Par la m\u00eame occasion, des explications ont \u00e9t\u00e9 fournies \u00e0 M. Sadiki et la d\u00e9l\u00e9gation l\u2019accompagnant sur le plan agricole de la strat\u00e9gie \u00abG\u00e9n\u00e9ration Green\u00bb pour la province de Guercif.<\/p>\n<p style=\"text-align: justify;\">Cette province de 216.717 habitants (58 pc en milieu rural) s\u2019\u00e9tend sur 7.307 km2 dont une superficie cultivable qui s\u2019\u00e9l\u00e8ve \u00e0 128.260 hectares et une superficie irrigu\u00e9 de 21.500 hectares.<\/p>\n<p style=\"text-align: justify;\">Elle compte 18.000 t\u00eates de bovins, 422.000 t\u00eates d\u2019ovin et 113.000 t\u00eates de caprin, alors que le nombre des exploitations agricoles est estim\u00e9 \u00e0 20.573.<\/p>\n<\/div>\n<p>L\u2019article <a rel=\"nofollow\" href=\"http:\/\/www.mapoujda.ma\/fr\/province-de-guercif-lancement-dun-projet-damenagement-hydro-agricole\/\">Province de Guercif : Lancement d\u2019un projet d\u2019am\u00e9nagement hydro-agricole<\/a> est apparu en premier sur <a rel=\"nofollow\" href=\"http:\/\/www.mapoujda.ma\/fr\">MapOujda<\/a>.<\/p>\n<\/div>\n<p>Auteur: Soufiane ELAHMAR<br \/>\n<a href=\"http:\/\/www.mapoujda.ma\/fr\/province-de-guercif-lancement-dun-projet-damenagement-hydro-agricole\/\">Cliquez ici pour lire l&rsquo;article depuis sa source.<\/a><\/p>\n","protected":false},"excerpt":{"rendered":"<p>La promotion du secteur agricole au niveau de la province de Guercif vient de franchir une nouvelle \u00e9tape avec le lancement, mardi, des travaux de la premi\u00e8re phase du projet d\u2019am\u00e9nagement hydro-agricole du p\u00e9rim\u00e8tre irrigu\u00e9 de Taddart pour un investissement de plus de 11 millions de dirhams (MDH). La c\u00e9r\u00e9monie de lancement de ce projet [&hellip;]<\/p>\n","protected":false},"author":1788,"featured_media":0,"comment_status":"closed","ping_status":"closed","sticky":false,"template":"","format":"standard","meta":{"fifu_image_url":"http:\/\/www.mapoujda.ma\/map\/uploads\/2021\/06\/Barrage-\u00e0-Moulay-Yaacoub-M750\u00d7430-MAP.jpg","fifu_image_alt":"Province de Guercif : Lancement d\u2019un projet d\u2019am\u00e9nagement hydro-agricole","footnotes":""},"categories":[54,76],"tags":[],"class_list":["post-119948","post","type-post","status-publish","format-standard","hentry","category-maroc","category-regions"],"_links":{"self":[{"href":"https:\/\/linitiative.ca\/International\/wp-json\/wp\/v2\/posts\/119948","targetHints":{"allow":["GET"]}}],"collection":[{"href":"https:\/\/linitiative.ca\/International\/wp-json\/wp\/v2\/posts"}],"about":[{"href":"https:\/\/linitiative.ca\/International\/wp-json\/wp\/v2\/types\/post"}],"author":[{"embeddable":true,"href":"https:\/\/linitiative.ca\/International\/wp-json\/wp\/v2\/users\/1788"}],"replies":[{"embeddable":true,"href":"https:\/\/linitiative.ca\/International\/wp-json\/wp\/v2\/comments?post=119948"}],"version-history":[{"count":0,"href":"https:\/\/linitiative.ca\/International\/wp-json\/wp\/v2\/posts\/119948\/revisions"}],"wp:attachment":[{"href":"https:\/\/linitiative.ca\/International\/wp-json\/wp\/v2\/media?parent=119948"}],"wp:term":[{"taxonomy":"category","embeddable":true,"href":"https:\/\/linitiative.ca\/International\/wp-json\/wp\/v2\/categories?post=119948"},{"taxonomy":"post_tag","embeddable":true,"href":"https:\/\/linitiative.ca\/International\/wp-json\/wp\/v2\/tags?post=119948"}],"curies":[{"name":"wp","href":"https:\/\/api.w.org\/{rel}","templated":true}]}}