{"id":119950,"date":"2021-06-30T08:51:33","date_gmt":"2021-06-30T12:51:33","guid":{"rendered":"https:\/\/linitiative.ca\/International\/une-campagne-pour-rendre-hommage-aux-professionnels-de-la-sante\/"},"modified":"2021-06-30T08:51:33","modified_gmt":"2021-06-30T12:51:33","slug":"une-campagne-pour-rendre-hommage-aux-professionnels-de-la-sante","status":"publish","type":"post","link":"https:\/\/linitiative.ca\/International\/une-campagne-pour-rendre-hommage-aux-professionnels-de-la-sante\/","title":{"rendered":"Une campagne pour rendre hommage aux professionnels de la Sant\u00e9"},"content":{"rendered":"<div>\n<div style=\"margin-bottom:20px;\"><img loading=\"lazy\" decoding=\"async\" width=\"750\" height=\"430\" src=\"https:\/\/linitiative.ca\/International\/wp-content\/uploads\/sites\/23\/2021\/06\/MinistC3A8re-de-la-SantC3A9-Marocaine-M750C397430-MAP-1-1.jpg\" class=\"attachment-post-thumbnail size-post-thumbnail wp-post-image\" alt=\"\" srcset=\"https:\/\/linitiative.ca\/International\/wp-content\/uploads\/sites\/23\/2021\/06\/MinistC3A8re-de-la-SantC3A9-Marocaine-M750C397430-MAP-1-1.jpg 750w, http:\/\/www.mapoujda.ma\/map\/uploads\/2020\/03\/Minist\u00e8re-de-la-Sant\u00e9-Marocaine-M750\u00d7430-MAP-1-300x172.jpg 300w\" sizes=\"auto, (max-width: 750px) 100vw, 750px\"><\/div>\n<p style=\"text-align: justify;\">Le minist\u00e8re de la Sant\u00e9 lance, \u00e0 partir de ce mercredi, une campagne nationale pour rendre hommage \u00e0 l\u2019engagement et au d\u00e9vouement des professionnels du secteur, en mettant en valeur leurs efforts quotidiens pour s\u2019acquitter de leurs missions.<\/p>\n<p style=\"text-align: justify;\">Cette campagne, qui b\u00e9n\u00e9ficiera d\u2019une large diffusion sur la t\u00e9l\u00e9vision, la radio et les r\u00e9seaux sociaux tout au long du mois de juillet, est une occasion, pour le minist\u00e8re de la Sant\u00e9, \u00ab\u00a0d\u2019exprimer toute la reconnaissance pour les efforts et les sacrifices consid\u00e9rables fournis, par les professionnels de sant\u00e9, toutes cat\u00e9gories confondues, malgr\u00e9 les difficult\u00e9s et les contraintes que conna\u00eet le syst\u00e8me de sant\u00e9, dans le but d\u2019am\u00e9liorer et d\u2019optimiser les services de sant\u00e9 offerts aux citoyennes et citoyens et d\u2019assurer leur continuit\u00e9\u00a0\u00bb, souligne-t-on dans un communiqu\u00e9.<\/p>\n<p style=\"text-align: justify;\">Elle vient honorer \u00ab\u00a0le travail respectable et h\u00e9ro\u00efque de ces professionnels de premi\u00e8res lignes dans la lutte contre la pand\u00e9mie du coronavirus, ainsi que leur implication et leur sens de responsabilit\u00e9 pour la r\u00e9ussite de la campagne nationale de la vaccination\u00a0\u00bb.<\/p>\n<p style=\"text-align: justify;\">\u00ab\u00a0Cet esprit de sacrifice et d\u2019engagement envers les valeurs de citoyennet\u00e9 dans des circonstances difficiles et exceptionnelles, malgr\u00e9 la peur, l\u2019anxi\u00e9t\u00e9 et le risque d\u2019infection, m\u00e9rite tous nos sentiments de gratuite et de fiert\u00e9\u00a0\u00bb, ajoute le communiqu\u00e9.<\/p>\n<p style=\"text-align: justify;\">Aussi, cette initiative s\u2019inscrit dans le cadre de la valorisation du capital humain \u0153uvrant dans le secteur de la sant\u00e9, comme elle vient rappeler les faits les plus marquants de la mobilisation de l\u2019ensemble des personnels et \u00ab\u00a0les grands succ\u00e8s accumul\u00e9s avec comp\u00e9tence et professionnalisme\u00a0\u00bb.<\/p>\n<p style=\"text-align: justify;\">\u00ab\u00a0C\u2019est \u00e9galement une reconnaissance des efforts fournis pour la r\u00e9ussite du projet royal pr\u00e9vu pour r\u00e9former et r\u00e9habiliter le syst\u00e8me national de sant\u00e9, dans l\u2019objectif d\u2019asseoir le nouveau mod\u00e8le sanitaire dans notre pays\u00a0\u00bb, conclut le minist\u00e8re.<\/p>\n<p>L\u2019article <a rel=\"nofollow\" href=\"http:\/\/www.mapoujda.ma\/fr\/une-campagne-pour-rendre-hommage-aux-professionnels-de-la-sante\/\">Une campagne pour rendre hommage aux professionnels de la Sant\u00e9<\/a> est apparu en premier sur <a rel=\"nofollow\" href=\"http:\/\/www.mapoujda.ma\/fr\">MapOujda<\/a>.<\/p>\n<\/div>\n<p>Auteur: Soufiane ELAHMAR<br \/>\n<a href=\"http:\/\/www.mapoujda.ma\/fr\/une-campagne-pour-rendre-hommage-aux-professionnels-de-la-sante\/\">Cliquez ici pour lire l&rsquo;article depuis sa source.<\/a><\/p>\n","protected":false},"excerpt":{"rendered":"<p>Le minist\u00e8re de la Sant\u00e9 lance, \u00e0 partir de ce mercredi, une campagne nationale pour rendre hommage \u00e0 l\u2019engagement et au d\u00e9vouement des professionnels du secteur, en mettant en valeur leurs efforts quotidiens pour s\u2019acquitter de leurs missions. Cette campagne, qui b\u00e9n\u00e9ficiera d\u2019une large diffusion sur la t\u00e9l\u00e9vision, la radio et les r\u00e9seaux sociaux tout [&hellip;]<\/p>\n","protected":false},"author":1788,"featured_media":0,"comment_status":"closed","ping_status":"closed","sticky":false,"template":"","format":"standard","meta":{"fifu_image_url":"http:\/\/www.mapoujda.ma\/map\/uploads\/2020\/03\/Minist\u00e8re-de-la-Sant\u00e9-Marocaine-M750\u00d7430-MAP-1.jpg","fifu_image_alt":"Une campagne pour rendre hommage aux professionnels de la Sant\u00e9","footnotes":""},"categories":[54,76],"tags":[],"class_list":["post-119950","post","type-post","status-publish","format-standard","hentry","category-maroc","category-regions"],"_links":{"self":[{"href":"https:\/\/linitiative.ca\/International\/wp-json\/wp\/v2\/posts\/119950","targetHints":{"allow":["GET"]}}],"collection":[{"href":"https:\/\/linitiative.ca\/International\/wp-json\/wp\/v2\/posts"}],"about":[{"href":"https:\/\/linitiative.ca\/International\/wp-json\/wp\/v2\/types\/post"}],"author":[{"embeddable":true,"href":"https:\/\/linitiative.ca\/International\/wp-json\/wp\/v2\/users\/1788"}],"replies":[{"embeddable":true,"href":"https:\/\/linitiative.ca\/International\/wp-json\/wp\/v2\/comments?post=119950"}],"version-history":[{"count":0,"href":"https:\/\/linitiative.ca\/International\/wp-json\/wp\/v2\/posts\/119950\/revisions"}],"wp:attachment":[{"href":"https:\/\/linitiative.ca\/International\/wp-json\/wp\/v2\/media?parent=119950"}],"wp:term":[{"taxonomy":"category","embeddable":true,"href":"https:\/\/linitiative.ca\/International\/wp-json\/wp\/v2\/categories?post=119950"},{"taxonomy":"post_tag","embeddable":true,"href":"https:\/\/linitiative.ca\/International\/wp-json\/wp\/v2\/tags?post=119950"}],"curies":[{"name":"wp","href":"https:\/\/api.w.org\/{rel}","templated":true}]}}