{"id":119952,"date":"2021-06-30T12:16:59","date_gmt":"2021-06-30T16:16:59","guid":{"rendered":"https:\/\/linitiative.ca\/International\/guercif-une-campagne-de-don-de-sang-pour-renflouer-le-stock-regional\/"},"modified":"2021-06-30T12:16:59","modified_gmt":"2021-06-30T16:16:59","slug":"guercif-une-campagne-de-don-de-sang-pour-renflouer-le-stock-regional","status":"publish","type":"post","link":"https:\/\/linitiative.ca\/International\/guercif-une-campagne-de-don-de-sang-pour-renflouer-le-stock-regional\/","title":{"rendered":"Guercif : Une campagne de don de sang pour renflouer le stock r\u00e9gional"},"content":{"rendered":"<div>\n<div style=\"margin-bottom:20px;\"><img loading=\"lazy\" decoding=\"async\" width=\"750\" height=\"430\" src=\"https:\/\/linitiative.ca\/International\/wp-content\/uploads\/sites\/23\/2021\/06\/Campagne-de-dong-du-sang-M750C397430-MAP.jpg\" class=\"attachment-post-thumbnail size-post-thumbnail wp-post-image\" alt=\"\" srcset=\"https:\/\/linitiative.ca\/International\/wp-content\/uploads\/sites\/23\/2021\/06\/Campagne-de-dong-du-sang-M750C397430-MAP.jpg 750w, http:\/\/www.mapoujda.ma\/map\/uploads\/2021\/06\/Campagne-de-dong-du-sang-M750\u00d7430-MAP-300x172.jpg 300w\" sizes=\"auto, (max-width: 750px) 100vw, 750px\"><\/div>\n<p style=\"text-align: justify;\">L\u2019Association Al-Baraka des fonctionnaires du minist\u00e8re des Habous et des affaires islamiques a organis\u00e9, r\u00e9cemment \u00e0 Guercif, une campagne de don de sang visant \u00e0 renflouer le stock r\u00e9gional de cette mati\u00e8re vitale.<\/p>\n<p style=\"text-align: justify;\">La campagne, initi\u00e9e en coordination avec l\u2019association Goutte d\u2019espoir de transfusion sanguine de Guercif, s\u2019inscrit dans le cadre des efforts d\u00e9ploy\u00e9s pour combler le d\u00e9ficit enregistr\u00e9 par ce stock, face \u00e0 la hausse de la demande en cette p\u00e9riode.<\/p>\n<p style=\"text-align: justify;\">Dans une d\u00e9claration \u00e0 la MAP, le pr\u00e9sident de l\u2019association Goutte d\u2019espoir de transfusion sanguine, Yassine Dermane, a indiqu\u00e9 que cette campagne fait suite \u00e0 une s\u00e9rie d\u2019initiatives men\u00e9es depuis des ann\u00e9es en collaboration avec l\u2019ensemble des intervenants, en vue d\u2019encourager les citoyens \u00e0 faire don de leur sang et les sensibiliser \u00e0 l\u2019importance de cette action humanitaire pour sauver des vies.<\/p>\n<p style=\"text-align: justify;\">Cette campagne a enregistr\u00e9 un total de 123 participants, ce qui a permis de collecter 85 poches de sang destin\u00e9s \u00e0 renforcer le stock r\u00e9gional de cette mati\u00e8re vitale, a-t-il pr\u00e9cis\u00e9, saluant l\u2019engagement des donneurs de sang de la province de Guercif qui ont toujours r\u00e9pondu pr\u00e9sents \u00e0 ce genre d\u2019op\u00e9rations.<\/p>\n<p style=\"text-align: justify;\">De son c\u00f4t\u00e9, le pr\u00e9sident de l\u2019Association Al-Baraka des fonctionnaires du minist\u00e8re des Habous et des affaires islamiques \u00e0 Guercif, Ali Filali, a soulign\u00e9 qu\u2019il s\u2019agit de la deuxi\u00e8me initiative du genre men\u00e9e par cette association, relevant que le don de sang constitue avant tout une action noble et humanitaire.<\/p>\n<p style=\"text-align: justify;\">Les organisateurs de cette campagne entendent contribuer \u00e0 la cons\u00e9cration de la culture du don de sang, qui a des effets b\u00e9n\u00e9fiques aussi bien pour les b\u00e9n\u00e9ficiaires que pour la sant\u00e9 des donneurs.<\/p>\n<p style=\"text-align: justify;\">Cette initiative a \u00e9t\u00e9 men\u00e9e en collaboration notamment avec la pr\u00e9fecture de la province de Guercif, le Centre r\u00e9gional de transfusion sanguine d\u2019Oujda, le Conseil local des Oul\u00e9mas et la d\u00e9l\u00e9gation provinciale des Habous et des affaires islamiques de Guercif.<\/p>\n<p>L\u2019article <a rel=\"nofollow\" href=\"http:\/\/www.mapoujda.ma\/fr\/guercif-une-campagne-de-don-de-sang-pour-renflouer-le-stock-regional\/\">Guercif : Une campagne de don de sang pour renflouer le stock r\u00e9gional<\/a> est apparu en premier sur <a rel=\"nofollow\" href=\"http:\/\/www.mapoujda.ma\/fr\">MapOujda<\/a>.<\/p>\n<\/div>\n<p>Auteur: Soufiane ELAHMAR<br \/>\n<a href=\"http:\/\/www.mapoujda.ma\/fr\/guercif-une-campagne-de-don-de-sang-pour-renflouer-le-stock-regional\/\">Cliquez ici pour lire l&rsquo;article depuis sa source.<\/a><\/p>\n","protected":false},"excerpt":{"rendered":"<p>L\u2019Association Al-Baraka des fonctionnaires du minist\u00e8re des Habous et des affaires islamiques a organis\u00e9, r\u00e9cemment \u00e0 Guercif, une campagne de don de sang visant \u00e0 renflouer le stock r\u00e9gional de cette mati\u00e8re vitale. La campagne, initi\u00e9e en coordination avec l\u2019association Goutte d\u2019espoir de transfusion sanguine de Guercif, s\u2019inscrit dans le cadre des efforts d\u00e9ploy\u00e9s pour [&hellip;]<\/p>\n","protected":false},"author":1788,"featured_media":0,"comment_status":"closed","ping_status":"closed","sticky":false,"template":"","format":"standard","meta":{"fifu_image_url":"http:\/\/www.mapoujda.ma\/map\/uploads\/2021\/06\/Campagne-de-dong-du-sang-M750\u00d7430-MAP.jpg","fifu_image_alt":"Guercif : Une campagne de don de sang pour renflouer le stock r\u00e9gional","footnotes":""},"categories":[54,76],"tags":[],"class_list":["post-119952","post","type-post","status-publish","format-standard","hentry","category-maroc","category-regions"],"_links":{"self":[{"href":"https:\/\/linitiative.ca\/International\/wp-json\/wp\/v2\/posts\/119952","targetHints":{"allow":["GET"]}}],"collection":[{"href":"https:\/\/linitiative.ca\/International\/wp-json\/wp\/v2\/posts"}],"about":[{"href":"https:\/\/linitiative.ca\/International\/wp-json\/wp\/v2\/types\/post"}],"author":[{"embeddable":true,"href":"https:\/\/linitiative.ca\/International\/wp-json\/wp\/v2\/users\/1788"}],"replies":[{"embeddable":true,"href":"https:\/\/linitiative.ca\/International\/wp-json\/wp\/v2\/comments?post=119952"}],"version-history":[{"count":0,"href":"https:\/\/linitiative.ca\/International\/wp-json\/wp\/v2\/posts\/119952\/revisions"}],"wp:attachment":[{"href":"https:\/\/linitiative.ca\/International\/wp-json\/wp\/v2\/media?parent=119952"}],"wp:term":[{"taxonomy":"category","embeddable":true,"href":"https:\/\/linitiative.ca\/International\/wp-json\/wp\/v2\/categories?post=119952"},{"taxonomy":"post_tag","embeddable":true,"href":"https:\/\/linitiative.ca\/International\/wp-json\/wp\/v2\/tags?post=119952"}],"curies":[{"name":"wp","href":"https:\/\/api.w.org\/{rel}","templated":true}]}}