{"id":119954,"date":"2021-06-30T12:27:25","date_gmt":"2021-06-30T16:27:25","guid":{"rendered":"https:\/\/linitiative.ca\/International\/maroc-croissance-economique-de-1-au-t1-2021-hcp\/"},"modified":"2021-06-30T12:27:25","modified_gmt":"2021-06-30T16:27:25","slug":"maroc-croissance-economique-de-1-au-t1-2021-hcp","status":"publish","type":"post","link":"https:\/\/linitiative.ca\/International\/maroc-croissance-economique-de-1-au-t1-2021-hcp\/","title":{"rendered":"Maroc: Croissance \u00e9conomique de 1% au T1-2021 (HCP)"},"content":{"rendered":"<div>\n<div style=\"margin-bottom:20px;\"><img loading=\"lazy\" decoding=\"async\" width=\"750\" height=\"430\" src=\"https:\/\/linitiative.ca\/International\/wp-content\/uploads\/sites\/23\/2021\/06\/Logo-HCP-750C397430-DR-1.jpg\" class=\"attachment-post-thumbnail size-post-thumbnail wp-post-image\" alt=\"\" srcset=\"https:\/\/linitiative.ca\/International\/wp-content\/uploads\/sites\/23\/2021\/06\/Logo-HCP-750C397430-DR-1.jpg 750w, http:\/\/www.mapoujda.ma\/map\/uploads\/2021\/06\/Logo-HCP-750\u00d7430-DR-300x172.jpg 300w\" sizes=\"auto, (max-width: 750px) 100vw, 750px\"><\/div>\n<p style=\"text-align: justify;\">L\u2019arr\u00eat\u00e9 des comptes nationaux fait ressortir une croissance de l\u2019\u00e9conomie nationale \u00e0 1% au premier trimestre 2021, au lieu de 0,9% durant le m\u00eame trimestre de l\u2019ann\u00e9e pr\u00e9c\u00e9dente, indique le Haut-Commissariat au Plan (HCP).<\/p>\n<p style=\"text-align: justify;\">Cette \u00e9volution est le r\u00e9sultat d\u2019une forte hausse de l\u2019activit\u00e9 agricole de 20,5% et d\u2019une contraction de 1,4% des activit\u00e9s non agricoles, explique le HCP qui vient de publier une note d\u2019information sur la situation \u00e9conomique nationale au cours du T1-2021.<\/p>\n<p style=\"text-align: justify;\">La croissance a \u00e9t\u00e9 ainsi tir\u00e9e par la demande int\u00e9rieure dans le contexte d\u2019une inflation ma\u00eetris\u00e9e et d\u2019une am\u00e9lioration du besoin de financement de l\u2019\u00e9conomie nationale, rel\u00e8ve la m\u00eame source.<\/p>\n<p style=\"text-align: justify;\">Au d\u00e9tail, le HCP fait savoir qu\u2019apr\u00e8s une baisse de 4,3% durant le T1-2020, la valeur ajout\u00e9e du secteur primaire en volume, corrig\u00e9e des variations saisonni\u00e8res, a augment\u00e9 de 18,7% durant la m\u00eame p\u00e9riode en 2021. Cette \u00e9volution est attribuable \u00e0 la hausse de l\u2019activit\u00e9 de l\u2019agriculture de 20,5% et de celle de la p\u00eache de 1%.<\/p>\n<p style=\"text-align: justify;\">La valeur ajout\u00e9e du secteur secondaire, de son c\u00f4t\u00e9, a r\u00e9alis\u00e9 une augmentation de 1,5% au lieu de 1,8% durant le premier trimestre de l\u2019ann\u00e9e pr\u00e9c\u00e9dente. Ceci a \u00e9t\u00e9 le r\u00e9sultat de l\u2019am\u00e9lioration des valeurs ajout\u00e9es de l\u2019industrie d\u2019extraction de 5,2%, des industries de transformation (1,6%), de l\u2019\u00e9lectricit\u00e9 et eau (0,6%), du b\u00e2timent et travaux publics (0,2%).<\/p>\n<p style=\"text-align: justify;\">En revanche, la valeur ajout\u00e9e du secteur tertiaire, s\u2019est contract\u00e9e de 2,9% au 1er trimestre de cette ann\u00e9e apr\u00e8s avoir enregistr\u00e9 un accroissement de 1,5% le m\u00eame trimestre de 2020.<\/p>\n<p style=\"text-align: justify;\">Cette baisse a r\u00e9sult\u00e9 de l\u2019effet conjugu\u00e9 du repli des valeurs ajout\u00e9es des h\u00f4tels et restaurants de 50,3%, des transports (10,9%), des postes et t\u00e9l\u00e9communications (4%), des services financiers et assurances (3,2%) et du commerce (0,5%), ainsi que de la hausse de celles des services rendus par l\u2019Administration publique g\u00e9n\u00e9rale et la s\u00e9curit\u00e9 sociale de 2,1%, des services de l\u2019\u00e9ducation, de la sant\u00e9 et de l\u2019action sociale (1%) et des services rendus aux m\u00e9nages et aux entreprises (0,6%).<\/p>\n<p style=\"text-align: justify;\">Aux prix courants, le PIB a connu une augmentation de 1,8% durant le premier trimestre 2021. De ce fait, la hausse du niveau g\u00e9n\u00e9ral des prix a \u00e9t\u00e9 de 0,8% au lieu de 0,7% une ann\u00e9e auparavant.<\/p>\n<p>L\u2019article <a rel=\"nofollow\" href=\"http:\/\/www.mapoujda.ma\/fr\/maroc-croissance-economique-de-1-au-t1-2021-hcp\/\">Maroc: Croissance \u00e9conomique de 1% au T1-2021 (HCP)<\/a> est apparu en premier sur <a rel=\"nofollow\" href=\"http:\/\/www.mapoujda.ma\/fr\">MapOujda<\/a>.<\/p>\n<\/div>\n<p>Auteur: Soufiane ELAHMAR<br \/>\n<a href=\"http:\/\/www.mapoujda.ma\/fr\/maroc-croissance-economique-de-1-au-t1-2021-hcp\/\">Cliquez ici pour lire l&rsquo;article depuis sa source.<\/a><\/p>\n","protected":false},"excerpt":{"rendered":"<p>L\u2019arr\u00eat\u00e9 des comptes nationaux fait ressortir une croissance de l\u2019\u00e9conomie nationale \u00e0 1% au premier trimestre 2021, au lieu de 0,9% durant le m\u00eame trimestre de l\u2019ann\u00e9e pr\u00e9c\u00e9dente, indique le Haut-Commissariat au Plan (HCP). Cette \u00e9volution est le r\u00e9sultat d\u2019une forte hausse de l\u2019activit\u00e9 agricole de 20,5% et d\u2019une contraction de 1,4% des activit\u00e9s non [&hellip;]<\/p>\n","protected":false},"author":1788,"featured_media":0,"comment_status":"closed","ping_status":"closed","sticky":false,"template":"","format":"standard","meta":{"fifu_image_url":"http:\/\/www.mapoujda.ma\/map\/uploads\/2021\/06\/Logo-HCP-750\u00d7430-DR.jpg","fifu_image_alt":"Maroc: Croissance \u00e9conomique de 1% au T1-2021 (HCP)","footnotes":""},"categories":[54,76],"tags":[],"class_list":["post-119954","post","type-post","status-publish","format-standard","hentry","category-maroc","category-regions"],"_links":{"self":[{"href":"https:\/\/linitiative.ca\/International\/wp-json\/wp\/v2\/posts\/119954","targetHints":{"allow":["GET"]}}],"collection":[{"href":"https:\/\/linitiative.ca\/International\/wp-json\/wp\/v2\/posts"}],"about":[{"href":"https:\/\/linitiative.ca\/International\/wp-json\/wp\/v2\/types\/post"}],"author":[{"embeddable":true,"href":"https:\/\/linitiative.ca\/International\/wp-json\/wp\/v2\/users\/1788"}],"replies":[{"embeddable":true,"href":"https:\/\/linitiative.ca\/International\/wp-json\/wp\/v2\/comments?post=119954"}],"version-history":[{"count":0,"href":"https:\/\/linitiative.ca\/International\/wp-json\/wp\/v2\/posts\/119954\/revisions"}],"wp:attachment":[{"href":"https:\/\/linitiative.ca\/International\/wp-json\/wp\/v2\/media?parent=119954"}],"wp:term":[{"taxonomy":"category","embeddable":true,"href":"https:\/\/linitiative.ca\/International\/wp-json\/wp\/v2\/categories?post=119954"},{"taxonomy":"post_tag","embeddable":true,"href":"https:\/\/linitiative.ca\/International\/wp-json\/wp\/v2\/tags?post=119954"}],"curies":[{"name":"wp","href":"https:\/\/api.w.org\/{rel}","templated":true}]}}