{"id":119956,"date":"2021-06-30T12:43:45","date_gmt":"2021-06-30T16:43:45","guid":{"rendered":"https:\/\/linitiative.ca\/International\/le-ministere-de-la-sante-appelle-les-citoyens-a-se-conformer-aux-mesures\/"},"modified":"2021-06-30T12:43:45","modified_gmt":"2021-06-30T16:43:45","slug":"le-ministere-de-la-sante-appelle-les-citoyens-a-se-conformer-aux-mesures","status":"publish","type":"post","link":"https:\/\/linitiative.ca\/International\/le-ministere-de-la-sante-appelle-les-citoyens-a-se-conformer-aux-mesures\/","title":{"rendered":"Le minist\u00e8re de la Sant\u00e9 appelle les citoyens \u00e0 se conformer aux mesures"},"content":{"rendered":"<div>\n<div style=\"margin-bottom:20px;\"><img loading=\"lazy\" decoding=\"async\" width=\"750\" height=\"430\" src=\"https:\/\/linitiative.ca\/International\/wp-content\/uploads\/sites\/23\/2021\/06\/Un-citoyen-dans-le-strict-respect-des-rC3A8gles-sanitaires-M750C397430-MAP.jpg\" class=\"attachment-post-thumbnail size-post-thumbnail wp-post-image\" alt=\"\" srcset=\"https:\/\/linitiative.ca\/International\/wp-content\/uploads\/sites\/23\/2021\/06\/Un-citoyen-dans-le-strict-respect-des-rC3A8gles-sanitaires-M750C397430-MAP.jpg 750w, http:\/\/www.mapoujda.ma\/map\/uploads\/2020\/06\/Un-citoyen-dans-le-strict-respect-des-r\u00e8gles-sanitaires-M750\u00d7430-MAP-300x172.jpg 300w\" sizes=\"auto, (max-width: 750px) 100vw, 750px\"><\/div>\n<div>\n<p style=\"text-align: justify;\">Le minist\u00e8re de la Sant\u00e9 a appel\u00e9, mercredi \u00e0 nouveau, les citoyens \u00e0 continuer \u00e0 se conformer aux mesures de pr\u00e9vention visant \u00e0 faire face \u00e0 la propagation de la pand\u00e9mie de Covid-19.<\/p>\n<p style=\"text-align: justify;\">\u00ab\u00a0Nous incitons les citoyennes et les citoyens \u00e0 se conformer aux mesures restrictives qui sont importantes\u00a0\u00bb, a d\u00e9clar\u00e9 \u00e0 la presse le ministre de la Sant\u00e9 Khalid Ait Taleb, affirmant que \u00ab\u00a0le cas \u00e9ch\u00e9ant, nous serions oblig\u00e9s de proc\u00e9der au renforcement des restrictions, ce qui aurait un impact n\u00e9gatif sur plusieurs secteurs\u00a0\u00bb.<\/p>\n<p style=\"text-align: justify;\">\u00ab\u00a0Compte tenu de l\u2019\u00e9volution de la situation \u00e9pid\u00e9miologique ces deux derniers jours, nous avons pu constater une augmentation acc\u00e9l\u00e9r\u00e9e des cas de contamination par rapport \u00e0 la tendance observ\u00e9e pendant les derniers mois\u00a0\u00bb, a-t-il fait observer.<\/p>\n<p style=\"text-align: justify;\">Il a rappel\u00e9 que, gr\u00e2ce aux Hautes orientations royales, \u00e0 l\u2019anticipation et \u00e0 la gestion proactive de l\u2019\u00e9pid\u00e9mie, le Royaume \u00ab\u00a0a r\u00e9alis\u00e9 des r\u00e9sultats importants en termes de contr\u00f4le et de ma\u00eetrise de la situation \u00e9pid\u00e9miologique\u00a0\u00bb.<\/p>\n<p style=\"text-align: justify;\">Le ministre a, sous ce registre, affirm\u00e9 que des progr\u00e8s consid\u00e9rables ont \u00e9t\u00e9 obtenus en mati\u00e8re de vaccination qui a a permis de couvrir pr\u00e8s du tiers de la population cible. \u00ab\u00a0Ce sont des r\u00e9sultats tr\u00e8s importants sur lesquels il faudrait capitaliser, dans le respect des mesures barri\u00e8res sans lesquelles nous risquons une recrudescence\u00a0\u00bb, a-t-il pr\u00e9venu.<\/p>\n<p style=\"text-align: justify;\">Au total 776 nouveaux cas d\u2019infection au coronavirus ont \u00e9t\u00e9 enregistr\u00e9s au Maroc au cours des derni\u00e8res 24 heures, portant \u00e0 531.361 le nombre total des contaminations recens\u00e9es depuis le d\u00e9but de la pand\u00e9mie, selon les statistiques du minist\u00e8re de la Sant\u00e9.<\/p>\n<\/div>\n<p>L\u2019article <a rel=\"nofollow\" href=\"http:\/\/www.mapoujda.ma\/fr\/le-ministere-de-la-sante-appelle-les-citoyens-a-se-conformer-aux-mesures\/\">Le minist\u00e8re de la Sant\u00e9 appelle les citoyens \u00e0 se conformer aux mesures<\/a> est apparu en premier sur <a rel=\"nofollow\" href=\"http:\/\/www.mapoujda.ma\/fr\">MapOujda<\/a>.<\/p>\n<\/div>\n<p>Auteur: Soufiane ELAHMAR<br \/>\n<a href=\"http:\/\/www.mapoujda.ma\/fr\/le-ministere-de-la-sante-appelle-les-citoyens-a-se-conformer-aux-mesures\/\">Cliquez ici pour lire l&rsquo;article depuis sa source.<\/a><\/p>\n","protected":false},"excerpt":{"rendered":"<p>Le minist\u00e8re de la Sant\u00e9 a appel\u00e9, mercredi \u00e0 nouveau, les citoyens \u00e0 continuer \u00e0 se conformer aux mesures de pr\u00e9vention visant \u00e0 faire face \u00e0 la propagation de la pand\u00e9mie de Covid-19. \u00ab\u00a0Nous incitons les citoyennes et les citoyens \u00e0 se conformer aux mesures restrictives qui sont importantes\u00a0\u00bb, a d\u00e9clar\u00e9 \u00e0 la presse le [&hellip;]<\/p>\n","protected":false},"author":1788,"featured_media":0,"comment_status":"closed","ping_status":"closed","sticky":false,"template":"","format":"standard","meta":{"fifu_image_url":"http:\/\/www.mapoujda.ma\/map\/uploads\/2020\/06\/Un-citoyen-dans-le-strict-respect-des-r\u00e8gles-sanitaires-M750\u00d7430-MAP.jpg","fifu_image_alt":"Le minist\u00e8re de la Sant\u00e9 appelle les citoyens \u00e0 se conformer aux mesures","footnotes":""},"categories":[54,76],"tags":[],"class_list":["post-119956","post","type-post","status-publish","format-standard","hentry","category-maroc","category-regions"],"_links":{"self":[{"href":"https:\/\/linitiative.ca\/International\/wp-json\/wp\/v2\/posts\/119956","targetHints":{"allow":["GET"]}}],"collection":[{"href":"https:\/\/linitiative.ca\/International\/wp-json\/wp\/v2\/posts"}],"about":[{"href":"https:\/\/linitiative.ca\/International\/wp-json\/wp\/v2\/types\/post"}],"author":[{"embeddable":true,"href":"https:\/\/linitiative.ca\/International\/wp-json\/wp\/v2\/users\/1788"}],"replies":[{"embeddable":true,"href":"https:\/\/linitiative.ca\/International\/wp-json\/wp\/v2\/comments?post=119956"}],"version-history":[{"count":0,"href":"https:\/\/linitiative.ca\/International\/wp-json\/wp\/v2\/posts\/119956\/revisions"}],"wp:attachment":[{"href":"https:\/\/linitiative.ca\/International\/wp-json\/wp\/v2\/media?parent=119956"}],"wp:term":[{"taxonomy":"category","embeddable":true,"href":"https:\/\/linitiative.ca\/International\/wp-json\/wp\/v2\/categories?post=119956"},{"taxonomy":"post_tag","embeddable":true,"href":"https:\/\/linitiative.ca\/International\/wp-json\/wp\/v2\/tags?post=119956"}],"curies":[{"name":"wp","href":"https:\/\/api.w.org\/{rel}","templated":true}]}}