{"id":119958,"date":"2021-06-30T11:00:52","date_gmt":"2021-06-30T15:00:52","guid":{"rendered":"https:\/\/linitiative.ca\/International\/un-hub-logistique-a-la-tanger-automotive-city\/"},"modified":"2021-06-30T11:00:52","modified_gmt":"2021-06-30T15:00:52","slug":"un-hub-logistique-a-la-tanger-automotive-city","status":"publish","type":"post","link":"https:\/\/linitiative.ca\/International\/un-hub-logistique-a-la-tanger-automotive-city\/","title":{"rendered":"Un hub logistique \u00e0 la Tanger Automotive City"},"content":{"rendered":"<div>\n<div class=\"field field-name-body field-type-text-with-summary field-label-hidden\">\n<div class=\"field-items\">\n<div class=\"field-item even\" property=\"content:encoded\">\n<p class=\"rtejustify\">Yazaki Maroc et Nippon Express viennent de signer un accord pour la construction d\u2019un hub logistique dans la Tanger Automotive City.<\/p>\n<p class=\"rtejustify\">Il s\u2019agit d\u2019un entrep\u00f4t devant centraliser l\u2019ensemble des op\u00e9rations logistiques des 4 unit\u00e9s dont dispose Yazaki, l\u2019\u00e9quipementier japonais au Maroc. \u00c9tal\u00e9 sur 15.000 m2, il entrera en service au mois de septembre prochain et emploiera 360 personnes. Le site sera \u00e9quip\u00e9 des derni\u00e8res technologies en la mati\u00e8re avec un suivi par puces RFID et m\u00eame des drones pour un inventaire sans intervention humaine.<\/p>\n<\/div>\n<\/div>\n<\/div>\n<\/div>\n<p>Auteur: mbasraoui<br \/>\n<a href=\"https:\/\/www.leconomiste.com\/flash-infos\/un-hub-logistique-la-tanger-automotive-city\">Cliquez ici pour lire l&rsquo;article depuis sa source.<\/a><\/p>\n","protected":false},"excerpt":{"rendered":"<p>Yazaki Maroc et Nippon Express viennent de signer un accord pour la construction d\u2019un hub logistique dans la Tanger Automotive City. Il s\u2019agit d\u2019un entrep\u00f4t devant centraliser l\u2019ensemble des op\u00e9rations logistiques des 4 unit\u00e9s dont dispose Yazaki, l\u2019\u00e9quipementier japonais au Maroc. \u00c9tal\u00e9 sur 15.000 m2, il entrera en service au mois de septembre prochain et [&hellip;]<\/p>\n","protected":false},"author":1763,"featured_media":0,"comment_status":"closed","ping_status":"closed","sticky":false,"template":"","format":"standard","meta":{"fifu_image_url":"","fifu_image_alt":"","footnotes":""},"categories":[78,54],"tags":[],"class_list":["post-119958","post","type-post","status-publish","format-standard","hentry","category-economie","category-maroc"],"_links":{"self":[{"href":"https:\/\/linitiative.ca\/International\/wp-json\/wp\/v2\/posts\/119958","targetHints":{"allow":["GET"]}}],"collection":[{"href":"https:\/\/linitiative.ca\/International\/wp-json\/wp\/v2\/posts"}],"about":[{"href":"https:\/\/linitiative.ca\/International\/wp-json\/wp\/v2\/types\/post"}],"author":[{"embeddable":true,"href":"https:\/\/linitiative.ca\/International\/wp-json\/wp\/v2\/users\/1763"}],"replies":[{"embeddable":true,"href":"https:\/\/linitiative.ca\/International\/wp-json\/wp\/v2\/comments?post=119958"}],"version-history":[{"count":0,"href":"https:\/\/linitiative.ca\/International\/wp-json\/wp\/v2\/posts\/119958\/revisions"}],"wp:attachment":[{"href":"https:\/\/linitiative.ca\/International\/wp-json\/wp\/v2\/media?parent=119958"}],"wp:term":[{"taxonomy":"category","embeddable":true,"href":"https:\/\/linitiative.ca\/International\/wp-json\/wp\/v2\/categories?post=119958"},{"taxonomy":"post_tag","embeddable":true,"href":"https:\/\/linitiative.ca\/International\/wp-json\/wp\/v2\/tags?post=119958"}],"curies":[{"name":"wp","href":"https:\/\/api.w.org\/{rel}","templated":true}]}}