{"id":119959,"date":"2021-06-30T11:20:18","date_gmt":"2021-06-30T15:20:18","guid":{"rendered":"https:\/\/linitiative.ca\/International\/covid-776-nouveaux-cas-4-deces\/"},"modified":"2021-06-30T11:20:18","modified_gmt":"2021-06-30T15:20:18","slug":"covid-776-nouveaux-cas-4-deces","status":"publish","type":"post","link":"https:\/\/linitiative.ca\/International\/covid-776-nouveaux-cas-4-deces\/","title":{"rendered":"Covid: 776 nouveaux cas, 4 d\u00e9c\u00e8s"},"content":{"rendered":"<div>\n<div class=\"field field-name-body field-type-text-with-summary field-label-hidden\">\n<div class=\"field-items\">\n<div class=\"field-item even\" property=\"content:encoded\">\n<p><strong>776\u00a0<\/strong>nouveaux cas d&rsquo;infection au nouveau coronavirus et <strong>517\u00a0<\/strong>gu\u00e9risons ont \u00e9t\u00e9 enregistr\u00e9s au Maroc au cours des derni\u00e8res 24 heures, alors que <strong>plus <\/strong>de <strong>9 millions<\/strong> de personnes ont \u00e9t\u00e9 compl\u00e8tement vaccin\u00e9es, a indiqu\u00e9 mercredi le minist\u00e8re de la Sant\u00e9.<\/p>\n<\/div>\n<\/div>\n<\/div>\n<\/div>\n<p>Auteur: mbasraoui<br \/>\n<a href=\"https:\/\/www.leconomiste.com\/flash-infos\/covid-776-nouveaux-cas-4-deces\">Cliquez ici pour lire l&rsquo;article depuis sa source.<\/a><\/p>\n","protected":false},"excerpt":{"rendered":"<p>776\u00a0nouveaux cas d&rsquo;infection au nouveau coronavirus et 517\u00a0gu\u00e9risons ont \u00e9t\u00e9 enregistr\u00e9s au Maroc au cours des derni\u00e8res 24 heures, alors que plus de 9 millions de personnes ont \u00e9t\u00e9 compl\u00e8tement vaccin\u00e9es, a indiqu\u00e9 mercredi le minist\u00e8re de la Sant\u00e9. Auteur: mbasraoui Cliquez ici pour lire l&rsquo;article depuis sa source.<\/p>\n","protected":false},"author":1763,"featured_media":0,"comment_status":"closed","ping_status":"closed","sticky":false,"template":"","format":"standard","meta":{"fifu_image_url":"","fifu_image_alt":"","footnotes":""},"categories":[78,54],"tags":[],"class_list":["post-119959","post","type-post","status-publish","format-standard","hentry","category-economie","category-maroc"],"_links":{"self":[{"href":"https:\/\/linitiative.ca\/International\/wp-json\/wp\/v2\/posts\/119959","targetHints":{"allow":["GET"]}}],"collection":[{"href":"https:\/\/linitiative.ca\/International\/wp-json\/wp\/v2\/posts"}],"about":[{"href":"https:\/\/linitiative.ca\/International\/wp-json\/wp\/v2\/types\/post"}],"author":[{"embeddable":true,"href":"https:\/\/linitiative.ca\/International\/wp-json\/wp\/v2\/users\/1763"}],"replies":[{"embeddable":true,"href":"https:\/\/linitiative.ca\/International\/wp-json\/wp\/v2\/comments?post=119959"}],"version-history":[{"count":0,"href":"https:\/\/linitiative.ca\/International\/wp-json\/wp\/v2\/posts\/119959\/revisions"}],"wp:attachment":[{"href":"https:\/\/linitiative.ca\/International\/wp-json\/wp\/v2\/media?parent=119959"}],"wp:term":[{"taxonomy":"category","embeddable":true,"href":"https:\/\/linitiative.ca\/International\/wp-json\/wp\/v2\/categories?post=119959"},{"taxonomy":"post_tag","embeddable":true,"href":"https:\/\/linitiative.ca\/International\/wp-json\/wp\/v2\/tags?post=119959"}],"curies":[{"name":"wp","href":"https:\/\/api.w.org\/{rel}","templated":true}]}}