{"id":119960,"date":"2021-06-30T12:02:59","date_gmt":"2021-06-30T16:02:59","guid":{"rendered":"https:\/\/linitiative.ca\/International\/trafic-international-de-drogue-11-personnes-interpellees-a-tanger\/"},"modified":"2021-06-30T12:02:59","modified_gmt":"2021-06-30T16:02:59","slug":"trafic-international-de-drogue-11-personnes-interpellees-a-tanger","status":"publish","type":"post","link":"https:\/\/linitiative.ca\/International\/trafic-international-de-drogue-11-personnes-interpellees-a-tanger\/","title":{"rendered":"Trafic international de drogue: 11 personnes interpell\u00e9es \u00e0 Tanger"},"content":{"rendered":"<div>\n<div class=\"field field-name-body field-type-text-with-summary field-label-hidden\">\n<div class=\"field-items\">\n<div class=\"field-item even\" property=\"content:encoded\">\n<p class=\"rtejustify\"><em>photo d&rsquo;illustration<\/em><\/p>\n<p class=\"rtejustify\">Les \u00e9l\u00e9ments de la brigade nationale de la police judiciaire ont interpell\u00e9, mercredi, onze individus, dont deux de nationalit\u00e9 roumaine et un ressortissant albanais en situation irr\u00e9guli\u00e8re au Maroc, pour leurs liens pr\u00e9sum\u00e9s avec un r\u00e9seau criminel s\u2019activant dans le trafic international de drogue.<\/p>\n<\/div>\n<\/div>\n<\/div>\n<\/div>\n<p>Auteur: mbasraoui<br \/>\n<a href=\"https:\/\/www.leconomiste.com\/flash-infos\/trafic-international-de-drogue-11-personnes-interpellees-tanger\">Cliquez ici pour lire l&rsquo;article depuis sa source.<\/a><\/p>\n","protected":false},"excerpt":{"rendered":"<p>photo d&rsquo;illustration Les \u00e9l\u00e9ments de la brigade nationale de la police judiciaire ont interpell\u00e9, mercredi, onze individus, dont deux de nationalit\u00e9 roumaine et un ressortissant albanais en situation irr\u00e9guli\u00e8re au Maroc, pour leurs liens pr\u00e9sum\u00e9s avec un r\u00e9seau criminel s\u2019activant dans le trafic international de drogue. Auteur: mbasraoui Cliquez ici pour lire l&rsquo;article depuis sa [&hellip;]<\/p>\n","protected":false},"author":1763,"featured_media":0,"comment_status":"closed","ping_status":"closed","sticky":false,"template":"","format":"standard","meta":{"fifu_image_url":"","fifu_image_alt":"","footnotes":""},"categories":[78,54],"tags":[],"class_list":["post-119960","post","type-post","status-publish","format-standard","hentry","category-economie","category-maroc"],"_links":{"self":[{"href":"https:\/\/linitiative.ca\/International\/wp-json\/wp\/v2\/posts\/119960","targetHints":{"allow":["GET"]}}],"collection":[{"href":"https:\/\/linitiative.ca\/International\/wp-json\/wp\/v2\/posts"}],"about":[{"href":"https:\/\/linitiative.ca\/International\/wp-json\/wp\/v2\/types\/post"}],"author":[{"embeddable":true,"href":"https:\/\/linitiative.ca\/International\/wp-json\/wp\/v2\/users\/1763"}],"replies":[{"embeddable":true,"href":"https:\/\/linitiative.ca\/International\/wp-json\/wp\/v2\/comments?post=119960"}],"version-history":[{"count":0,"href":"https:\/\/linitiative.ca\/International\/wp-json\/wp\/v2\/posts\/119960\/revisions"}],"wp:attachment":[{"href":"https:\/\/linitiative.ca\/International\/wp-json\/wp\/v2\/media?parent=119960"}],"wp:term":[{"taxonomy":"category","embeddable":true,"href":"https:\/\/linitiative.ca\/International\/wp-json\/wp\/v2\/categories?post=119960"},{"taxonomy":"post_tag","embeddable":true,"href":"https:\/\/linitiative.ca\/International\/wp-json\/wp\/v2\/tags?post=119960"}],"curies":[{"name":"wp","href":"https:\/\/api.w.org\/{rel}","templated":true}]}}