{"id":119962,"date":"2021-06-30T12:14:25","date_gmt":"2021-06-30T16:14:25","guid":{"rendered":"https:\/\/linitiative.ca\/International\/de-nouvelles-nominations-a-societe-generale\/"},"modified":"2021-06-30T12:14:25","modified_gmt":"2021-06-30T16:14:25","slug":"de-nouvelles-nominations-a-societe-generale","status":"publish","type":"post","link":"https:\/\/linitiative.ca\/International\/de-nouvelles-nominations-a-societe-generale\/","title":{"rendered":"De nouvelles nominations \u00e0 Soci\u00e9t\u00e9 G\u00e9n\u00e9rale"},"content":{"rendered":"<div>\n<div class=\"field field-name-body field-type-text-with-summary field-label-hidden\">\n<div class=\"field-items\">\n<div class=\"field-item even\" property=\"content:encoded\">\n<p class=\"rtejustify\">Soci\u00e9t\u00e9 G\u00e9n\u00e9rale vient de nommer quatre nouveaux responsables qui prendront leur fonction le 5 juillet prochain. Bertrand Cozzarolo est ainsi nomm\u00e9 directeur commercial et marketing, en remplacement de Philippe Amestoy. Il sera\u00a0rattach\u00e9 \u00e0 Marie-Christine Ducholet, directrice de la banque de d\u00e9tail Soci\u00e9t\u00e9 G\u00e9n\u00e9rale en France.<\/p>\n<\/div>\n<\/div>\n<\/div>\n<\/div>\n<p>Auteur: hgueye<br \/>\n<a href=\"https:\/\/www.leconomiste.com\/flash-infos\/de-nouvelles-nominations-societe-generale\">Cliquez ici pour lire l&rsquo;article depuis sa source.<\/a><\/p>\n","protected":false},"excerpt":{"rendered":"<p>Soci\u00e9t\u00e9 G\u00e9n\u00e9rale vient de nommer quatre nouveaux responsables qui prendront leur fonction le 5 juillet prochain. Bertrand Cozzarolo est ainsi nomm\u00e9 directeur commercial et marketing, en remplacement de Philippe Amestoy. Il sera\u00a0rattach\u00e9 \u00e0 Marie-Christine Ducholet, directrice de la banque de d\u00e9tail Soci\u00e9t\u00e9 G\u00e9n\u00e9rale en France. Auteur: hgueye Cliquez ici pour lire l&rsquo;article depuis sa source.<\/p>\n","protected":false},"author":1763,"featured_media":0,"comment_status":"closed","ping_status":"closed","sticky":false,"template":"","format":"standard","meta":{"fifu_image_url":"","fifu_image_alt":"","footnotes":""},"categories":[78,54],"tags":[],"class_list":["post-119962","post","type-post","status-publish","format-standard","hentry","category-economie","category-maroc"],"_links":{"self":[{"href":"https:\/\/linitiative.ca\/International\/wp-json\/wp\/v2\/posts\/119962","targetHints":{"allow":["GET"]}}],"collection":[{"href":"https:\/\/linitiative.ca\/International\/wp-json\/wp\/v2\/posts"}],"about":[{"href":"https:\/\/linitiative.ca\/International\/wp-json\/wp\/v2\/types\/post"}],"author":[{"embeddable":true,"href":"https:\/\/linitiative.ca\/International\/wp-json\/wp\/v2\/users\/1763"}],"replies":[{"embeddable":true,"href":"https:\/\/linitiative.ca\/International\/wp-json\/wp\/v2\/comments?post=119962"}],"version-history":[{"count":0,"href":"https:\/\/linitiative.ca\/International\/wp-json\/wp\/v2\/posts\/119962\/revisions"}],"wp:attachment":[{"href":"https:\/\/linitiative.ca\/International\/wp-json\/wp\/v2\/media?parent=119962"}],"wp:term":[{"taxonomy":"category","embeddable":true,"href":"https:\/\/linitiative.ca\/International\/wp-json\/wp\/v2\/categories?post=119962"},{"taxonomy":"post_tag","embeddable":true,"href":"https:\/\/linitiative.ca\/International\/wp-json\/wp\/v2\/tags?post=119962"}],"curies":[{"name":"wp","href":"https:\/\/api.w.org\/{rel}","templated":true}]}}