{"id":119968,"date":"2021-06-30T16:41:46","date_gmt":"2021-06-30T20:41:46","guid":{"rendered":"https:\/\/linitiative.ca\/International\/le-coordinateur-du-mds-fethi-ghares-interpelle\/"},"modified":"2021-06-30T16:41:46","modified_gmt":"2021-06-30T20:41:46","slug":"le-coordinateur-du-mds-fethi-ghares-interpelle","status":"publish","type":"post","link":"https:\/\/linitiative.ca\/International\/le-coordinateur-du-mds-fethi-ghares-interpelle\/","title":{"rendered":"Le coordinateur du MDS, Fethi Ghares, interpell\u00e9"},"content":{"rendered":"<div>\n<div class=\"sriret\"><img loading=\"lazy\" decoding=\"async\" width=\"558\" height=\"558\" src=\"https:\/\/linitiative.ca\/International\/wp-content\/uploads\/sites\/23\/2021\/06\/received_979230019544374-1.jpeg\" class=\"attachment-featured_large size-featured_large wp-post-image\" alt=\"\" style=\"margin-bottom: 15px;\" srcset=\"https:\/\/linitiative.ca\/International\/wp-content\/uploads\/sites\/23\/2021\/06\/received_979230019544374-1.jpeg 558w, https:\/\/www.elwatan.com\/wp-content\/uploads\/2021\/06\/received_979230019544374-1-150x150.jpeg 150w, https:\/\/www.elwatan.com\/wp-content\/uploads\/2021\/06\/received_979230019544374-1-300x300.jpeg 300w\" sizes=\"auto, (max-width: 558px) 100vw, 558px\"><\/div>\n<p>Le coordinateur du Mouvement d\u00e9mocratique et social (MDS), Fethi Ghares, a \u00e9t\u00e9 interpell\u00e9, aujourd\u2019hui mercredi 29 juin en fin de journ\u00e9e.<\/p>\n<p>Selon le Comit\u00e9 national pour la lib\u00e9ration des d\u00e9tenus (CNLD), il a \u00e9t\u00e9 arr\u00eat\u00e9 \u00e0 son domicile \u00e0 Gu\u00e9 de Constantine, \u00e0 Alger, qui a \u00e9galement \u00e9t\u00e9 perquisitionn\u00e9. D\u2019ailleurs, son \u00e9pouse, Messaouda Cheballah a diffus\u00e9 une vid\u00e9o en direct au moment o\u00f9 des agents des services de s\u00e9curit\u00e9 en civil l\u2019embarquaient \u00e0 bord de leur v\u00e9hicule.<\/p>\n<p>L\u2019article <a rel=\"nofollow\" href=\"https:\/\/www.elwatan.com\/edition\/actualite\/le-coordinateur-du-mds-fethi-ghares-interpelle-30-06-2021\">Le coordinateur du MDS, Fethi Ghares, interpell\u00e9<\/a> est apparu en premier sur <a rel=\"nofollow\" href=\"https:\/\/www.elwatan.com\/\">El Watan<\/a>.<\/p>\n<\/div>\n<p>Auteur: Mohand Yahiaoui<br \/>\n<a href=\"https:\/\/www.elwatan.com\/edition\/actualite\/le-coordinateur-du-mds-fethi-ghares-interpelle-30-06-2021\">Cliquez ici pour lire l&rsquo;article depuis sa source.<\/a><\/p>\n","protected":false},"excerpt":{"rendered":"<p>Le coordinateur du Mouvement d\u00e9mocratique et social (MDS), Fethi Ghares, a \u00e9t\u00e9 interpell\u00e9, aujourd\u2019hui mercredi 29 juin en fin de journ\u00e9e. Selon le Comit\u00e9 national pour la lib\u00e9ration des d\u00e9tenus (CNLD), il a \u00e9t\u00e9 arr\u00eat\u00e9 \u00e0 son domicile \u00e0 Gu\u00e9 de Constantine, \u00e0 Alger, qui a \u00e9galement \u00e9t\u00e9 perquisitionn\u00e9. D\u2019ailleurs, son \u00e9pouse, Messaouda Cheballah a [&hellip;]<\/p>\n","protected":false},"author":1743,"featured_media":0,"comment_status":"closed","ping_status":"closed","sticky":false,"template":"","format":"standard","meta":{"fifu_image_url":"https:\/\/www.elwatan.com\/wp-content\/uploads\/2021\/06\/received_979230019544374-1.jpeg","fifu_image_alt":"Le coordinateur du MDS, Fethi Ghares, interpell\u00e9","footnotes":""},"categories":[73,53],"tags":[],"class_list":["post-119968","post","type-post","status-publish","format-standard","hentry","category-actualite","category-algerie"],"_links":{"self":[{"href":"https:\/\/linitiative.ca\/International\/wp-json\/wp\/v2\/posts\/119968","targetHints":{"allow":["GET"]}}],"collection":[{"href":"https:\/\/linitiative.ca\/International\/wp-json\/wp\/v2\/posts"}],"about":[{"href":"https:\/\/linitiative.ca\/International\/wp-json\/wp\/v2\/types\/post"}],"author":[{"embeddable":true,"href":"https:\/\/linitiative.ca\/International\/wp-json\/wp\/v2\/users\/1743"}],"replies":[{"embeddable":true,"href":"https:\/\/linitiative.ca\/International\/wp-json\/wp\/v2\/comments?post=119968"}],"version-history":[{"count":0,"href":"https:\/\/linitiative.ca\/International\/wp-json\/wp\/v2\/posts\/119968\/revisions"}],"wp:attachment":[{"href":"https:\/\/linitiative.ca\/International\/wp-json\/wp\/v2\/media?parent=119968"}],"wp:term":[{"taxonomy":"category","embeddable":true,"href":"https:\/\/linitiative.ca\/International\/wp-json\/wp\/v2\/categories?post=119968"},{"taxonomy":"post_tag","embeddable":true,"href":"https:\/\/linitiative.ca\/International\/wp-json\/wp\/v2\/tags?post=119968"}],"curies":[{"name":"wp","href":"https:\/\/api.w.org\/{rel}","templated":true}]}}