{"id":119970,"date":"2021-06-30T12:34:00","date_gmt":"2021-06-30T16:34:00","guid":{"rendered":"https:\/\/linitiative.ca\/International\/lignoble-agression-de-abir-moussi-au-bardo-unanime-condamnation-de-linnommable-sahbi-smara-video\/"},"modified":"2021-06-30T12:34:00","modified_gmt":"2021-06-30T16:34:00","slug":"lignoble-agression-de-abir-moussi-au-bardo-unanime-condamnation-de-linnommable-sahbi-smara-video","status":"publish","type":"post","link":"https:\/\/linitiative.ca\/International\/lignoble-agression-de-abir-moussi-au-bardo-unanime-condamnation-de-linnommable-sahbi-smara-video\/","title":{"rendered":"L\u2019ignoble agression de Abir Moussi au Bardo : unanime condamnation de l\u2019innommable Sahbi Smara (Vid\u00e9o)"},"content":{"rendered":"<div><img decoding=\"async\" src=\"https:\/\/linitiative.ca\/International\/wp-content\/uploads\/sites\/23\/2021\/06\/1625067919_article.jpg\" alt=\"L\u2019ignoble agression de Abir Moussi au Bardo : unanime condamnation de l\u2019innommable Sahbi Smara \" align=\"left\">Comme si tant de peines ne suffisaient pas pour affliger davantage cette Tunisie meurtrie par des milliers de d\u00e9c\u00e8s du Covid, de haine politique entretenue, et d\u2019implacable impunit\u00e9. Quittant son banc de d\u00e9put\u00e9 \u00e0 pas s\u00fbrs, Sahbi Smara s\u2019est dirig\u00e9 vers Abir Moussi pour lui ass\u00e9ner coup, apr\u00e8s coup, dans une violence inou\u00efe, haineuse. Sous les regards des parlementaires et les cam\u00e9ras de la t\u00e9l\u00e9vision relayant au monde entier le d\u00e9roulement ce mercredi matin de la s\u00e9ance pl\u00e9ni\u00e8re de l\u2019Assembl\u00e9e des repr\u00e9sentants du peuple. Ricanements jouissifs sur certains bancs, indiff\u00e9rence sur d\u2019autres et de rares indignations, sous la coupole du Bardo.<\/p>\n<p>Toutes les cases &#8230;<\/p>\n<\/div>\n<p>Auteur:<br \/>\n<a href=\"https:\/\/www.leaders.com.tn\/article\/32098-l-ignoble-agression-de-abir-moussi-au-bardo-unanime-condamnation-de-l-innommable-sahbi-smara\">Cliquez ici pour lire l&rsquo;article depuis sa source.<\/a><\/p>\n","protected":false},"excerpt":{"rendered":"<p>Comme si tant de peines ne suffisaient pas pour affliger davantage cette Tunisie meurtrie par des milliers de d\u00e9c\u00e8s du Covid, de haine politique entretenue, et d\u2019implacable impunit\u00e9. Quittant son banc de d\u00e9put\u00e9 \u00e0 pas s\u00fbrs, Sahbi Smara s\u2019est dirig\u00e9 vers Abir Moussi pour lui ass\u00e9ner coup, apr\u00e8s coup, dans une violence inou\u00efe, haineuse. Sous [&hellip;]<\/p>\n","protected":false},"author":1772,"featured_media":0,"comment_status":"closed","ping_status":"closed","sticky":false,"template":"","format":"standard","meta":{"fifu_image_url":"http:\/\/www.leaders.com.tn\/uploads\/content\/thumbnails_small\/1625067919_article.jpg","fifu_image_alt":"L\u2019ignoble agression de Abir Moussi au Bardo : unanime condamnation de l\u2019innommable Sahbi Smara (Vid\u00e9o)","footnotes":""},"categories":[73,55],"tags":[],"class_list":["post-119970","post","type-post","status-publish","format-standard","hentry","category-actualite","category-tunisie"],"_links":{"self":[{"href":"https:\/\/linitiative.ca\/International\/wp-json\/wp\/v2\/posts\/119970","targetHints":{"allow":["GET"]}}],"collection":[{"href":"https:\/\/linitiative.ca\/International\/wp-json\/wp\/v2\/posts"}],"about":[{"href":"https:\/\/linitiative.ca\/International\/wp-json\/wp\/v2\/types\/post"}],"author":[{"embeddable":true,"href":"https:\/\/linitiative.ca\/International\/wp-json\/wp\/v2\/users\/1772"}],"replies":[{"embeddable":true,"href":"https:\/\/linitiative.ca\/International\/wp-json\/wp\/v2\/comments?post=119970"}],"version-history":[{"count":0,"href":"https:\/\/linitiative.ca\/International\/wp-json\/wp\/v2\/posts\/119970\/revisions"}],"wp:attachment":[{"href":"https:\/\/linitiative.ca\/International\/wp-json\/wp\/v2\/media?parent=119970"}],"wp:term":[{"taxonomy":"category","embeddable":true,"href":"https:\/\/linitiative.ca\/International\/wp-json\/wp\/v2\/categories?post=119970"},{"taxonomy":"post_tag","embeddable":true,"href":"https:\/\/linitiative.ca\/International\/wp-json\/wp\/v2\/tags?post=119970"}],"curies":[{"name":"wp","href":"https:\/\/api.w.org\/{rel}","templated":true}]}}