{"id":119972,"date":"2021-06-30T13:33:00","date_gmt":"2021-06-30T17:33:00","guid":{"rendered":"https:\/\/linitiative.ca\/International\/hommage-au-pr-houcine-khattali-specialiste-de-la-lutte-contre-la-desertification\/"},"modified":"2021-06-30T13:33:00","modified_gmt":"2021-06-30T17:33:00","slug":"hommage-au-pr-houcine-khattali-specialiste-de-la-lutte-contre-la-desertification","status":"publish","type":"post","link":"https:\/\/linitiative.ca\/International\/hommage-au-pr-houcine-khattali-specialiste-de-la-lutte-contre-la-desertification\/","title":{"rendered":"Hommage au Pr Houcine Khattali, sp\u00e9cialiste de la lutte contre la d\u00e9sertification"},"content":{"rendered":"<div><img decoding=\"async\" src=\"https:\/\/linitiative.ca\/International\/wp-content\/uploads\/sites\/23\/2021\/06\/1625071238_article.jpg\" alt=\"Hommage au Professeur Houcine Khattali, un grand patriote et sp\u00e9cialiste de la lutte contre la d\u00e9sertification\" align=\"left\">Par Ridha Bergaoui &#8211; Professeur Houcine Khattali, sp\u00e9cialiste international de l\u2019\u00e9r\u00e9mologie (science qui \u00e9tudie les d\u00e9serts et les processus de d\u00e9sertification) et\u00a0 Directeur G\u00e9n\u00e9ral l\u2019Institut des R\u00e9gions Arides de M\u00e9denine (IRA), nous a quitt\u00e9s le 16 juin 2021.<br \/>\nApr\u00e8s ses \u00e9tudes\u00a0 primaires, Houcine Khattali obtint son baccalaur\u00e9at\u00a0 au Lyc\u00e9e de M\u00e9denine et acc\u00e9da \u00e0 la Facult\u00e9 des lettres et des Sciences Humaines de Tunis o\u00f9 il a eu sa maitrise en 1977.<br \/>\nIl poursuivit ses \u00e9tudes \u00e0 l\u2019Universit\u00e9 de Paris I- Panth\u00e9on Sorbonne\u00a0 o\u00f9 il a soutenu en 1981 sa th\u00e8se de troisi\u00e8me cycle, intitul\u00e9e \u00ab Recherches situationnelles sur la d\u00e9sertification, dynamique de &#8230;<\/p>\n<\/div>\n<p>Auteur:<br \/>\n<a href=\"https:\/\/www.leaders.com.tn\/article\/32099-hommage-au-professeur-houcine-khattali-un-grand-patriote-et-specialiste-de-la-lutte-contre-la-desertification\">Cliquez ici pour lire l&rsquo;article depuis sa source.<\/a><\/p>\n","protected":false},"excerpt":{"rendered":"<p>Par Ridha Bergaoui &#8211; Professeur Houcine Khattali, sp\u00e9cialiste international de l\u2019\u00e9r\u00e9mologie (science qui \u00e9tudie les d\u00e9serts et les processus de d\u00e9sertification) et\u00a0 Directeur G\u00e9n\u00e9ral l\u2019Institut des R\u00e9gions Arides de M\u00e9denine (IRA), nous a quitt\u00e9s le 16 juin 2021. Apr\u00e8s ses \u00e9tudes\u00a0 primaires, Houcine Khattali obtint son baccalaur\u00e9at\u00a0 au Lyc\u00e9e de M\u00e9denine et acc\u00e9da \u00e0 la [&hellip;]<\/p>\n","protected":false},"author":1772,"featured_media":0,"comment_status":"closed","ping_status":"closed","sticky":false,"template":"","format":"standard","meta":{"fifu_image_url":"http:\/\/www.leaders.com.tn\/uploads\/content\/thumbnails_small\/1625071238_article.jpg","fifu_image_alt":"Hommage au Pr Houcine Khattali, sp\u00e9cialiste de la lutte contre la d\u00e9sertification","footnotes":""},"categories":[73,55],"tags":[],"class_list":["post-119972","post","type-post","status-publish","format-standard","hentry","category-actualite","category-tunisie"],"_links":{"self":[{"href":"https:\/\/linitiative.ca\/International\/wp-json\/wp\/v2\/posts\/119972","targetHints":{"allow":["GET"]}}],"collection":[{"href":"https:\/\/linitiative.ca\/International\/wp-json\/wp\/v2\/posts"}],"about":[{"href":"https:\/\/linitiative.ca\/International\/wp-json\/wp\/v2\/types\/post"}],"author":[{"embeddable":true,"href":"https:\/\/linitiative.ca\/International\/wp-json\/wp\/v2\/users\/1772"}],"replies":[{"embeddable":true,"href":"https:\/\/linitiative.ca\/International\/wp-json\/wp\/v2\/comments?post=119972"}],"version-history":[{"count":0,"href":"https:\/\/linitiative.ca\/International\/wp-json\/wp\/v2\/posts\/119972\/revisions"}],"wp:attachment":[{"href":"https:\/\/linitiative.ca\/International\/wp-json\/wp\/v2\/media?parent=119972"}],"wp:term":[{"taxonomy":"category","embeddable":true,"href":"https:\/\/linitiative.ca\/International\/wp-json\/wp\/v2\/categories?post=119972"},{"taxonomy":"post_tag","embeddable":true,"href":"https:\/\/linitiative.ca\/International\/wp-json\/wp\/v2\/tags?post=119972"}],"curies":[{"name":"wp","href":"https:\/\/api.w.org\/{rel}","templated":true}]}}