{"id":119974,"date":"2021-06-30T13:48:00","date_gmt":"2021-06-30T17:48:00","guid":{"rendered":"https:\/\/linitiative.ca\/International\/advans-tunisie-finalise-le-programme-daccompagnement-3-x-100-destine-a-1-000-micro-entrepreneurs-avec-un-impact-tres-positif-sur-leurs-activites\/"},"modified":"2021-06-30T13:48:00","modified_gmt":"2021-06-30T17:48:00","slug":"advans-tunisie-finalise-le-programme-daccompagnement-3-x-100-destine-a-1-000-micro-entrepreneurs-avec-un-impact-tres-positif-sur-leurs-activites","status":"publish","type":"post","link":"https:\/\/linitiative.ca\/International\/advans-tunisie-finalise-le-programme-daccompagnement-3-x-100-destine-a-1-000-micro-entrepreneurs-avec-un-impact-tres-positif-sur-leurs-activites\/","title":{"rendered":"Advans Tunisie finalise le programme d\u2019accompagnement \u00ab3 x 100%\u00bb destin\u00e9 \u00e0 1 000 micro-entrepreneurs avec un impact tr\u00e8s positif sur leurs activit\u00e9s"},"content":{"rendered":"<div><img decoding=\"async\" src=\"https:\/\/linitiative.ca\/International\/wp-content\/uploads\/sites\/23\/2021\/06\/1625072348_article.jpg\" alt=\"Advans Tunisie finalise le programme d\u2019accompagnement \u00ab3 x 100%\u00bb destin\u00e9 \u00e0 1 000 micro-entrepreneurs avec un impact tr\u00e8s positif sur leurs activit\u00e9s\" align=\"left\">Lanc\u00e9 par Advans Tunisie, ce programme d\u2019accompagnement \u00ab3 x 100%\u00bb: 100% \u00e0 distance, 100% sur mesure et 100% gratuit pour les entrepreneurs a eu pour objectif d\u2019aider les entrepreneurs \u00e0 renforcer leur r\u00e9silience gr\u00e2ce \u00e0 des sessions de coaching personnalis\u00e9es.<br \/>\nCette initiative a \u00e9t\u00e9 financ\u00e9e par la \u00abSwiss Capacity Building Facility\u00bb (SCBF), la Soci\u00e9t\u00e9 N\u00e9erlan-daise de Financement du D\u00e9veloppement (FMO), le fond SANAD pour les MPME (micro, petites et moyennes entreprises) ainsi que par le soutien de l\u2019action de solidarit\u00e9 belge initi\u00e9e par le Conseil de Gouvernance Economique Belgo-Tunisien (CGEBT).<br \/>\nGr\u00e2ce \u00e0 ce projet, Advans Tunisie a cibl\u00e9 1.000 entrepreneurs &#8230;<\/p>\n<\/div>\n<p>Auteur:<br \/>\n<a href=\"https:\/\/www.leaders.com.tn\/article\/32100-advans-tunisie-finalise-le-programme-d-accompagnement-3-x-100-destine-a-1-000-micro-entrepreneurs-avec-un-impact-tres-positif-sur-leurs-activites\">Cliquez ici pour lire l&rsquo;article depuis sa source.<\/a><\/p>\n","protected":false},"excerpt":{"rendered":"<p>Lanc\u00e9 par Advans Tunisie, ce programme d\u2019accompagnement \u00ab3 x 100%\u00bb: 100% \u00e0 distance, 100% sur mesure et 100% gratuit pour les entrepreneurs a eu pour objectif d\u2019aider les entrepreneurs \u00e0 renforcer leur r\u00e9silience gr\u00e2ce \u00e0 des sessions de coaching personnalis\u00e9es. Cette initiative a \u00e9t\u00e9 financ\u00e9e par la \u00abSwiss Capacity Building Facility\u00bb (SCBF), la Soci\u00e9t\u00e9 N\u00e9erlan-daise [&hellip;]<\/p>\n","protected":false},"author":1772,"featured_media":0,"comment_status":"closed","ping_status":"closed","sticky":false,"template":"","format":"standard","meta":{"fifu_image_url":"http:\/\/www.leaders.com.tn\/uploads\/content\/thumbnails_small\/1625072348_article.jpg","fifu_image_alt":"Advans Tunisie finalise le programme d\u2019accompagnement \u00ab3 x 100%\u00bb destin\u00e9 \u00e0 1 000 micro-entrepreneurs avec un impact tr\u00e8s positif sur leurs activit\u00e9s","footnotes":""},"categories":[73,55],"tags":[],"class_list":["post-119974","post","type-post","status-publish","format-standard","hentry","category-actualite","category-tunisie"],"_links":{"self":[{"href":"https:\/\/linitiative.ca\/International\/wp-json\/wp\/v2\/posts\/119974","targetHints":{"allow":["GET"]}}],"collection":[{"href":"https:\/\/linitiative.ca\/International\/wp-json\/wp\/v2\/posts"}],"about":[{"href":"https:\/\/linitiative.ca\/International\/wp-json\/wp\/v2\/types\/post"}],"author":[{"embeddable":true,"href":"https:\/\/linitiative.ca\/International\/wp-json\/wp\/v2\/users\/1772"}],"replies":[{"embeddable":true,"href":"https:\/\/linitiative.ca\/International\/wp-json\/wp\/v2\/comments?post=119974"}],"version-history":[{"count":0,"href":"https:\/\/linitiative.ca\/International\/wp-json\/wp\/v2\/posts\/119974\/revisions"}],"wp:attachment":[{"href":"https:\/\/linitiative.ca\/International\/wp-json\/wp\/v2\/media?parent=119974"}],"wp:term":[{"taxonomy":"category","embeddable":true,"href":"https:\/\/linitiative.ca\/International\/wp-json\/wp\/v2\/categories?post=119974"},{"taxonomy":"post_tag","embeddable":true,"href":"https:\/\/linitiative.ca\/International\/wp-json\/wp\/v2\/tags?post=119974"}],"curies":[{"name":"wp","href":"https:\/\/api.w.org\/{rel}","templated":true}]}}