{"id":119981,"date":"2021-06-30T06:00:00","date_gmt":"2021-06-30T10:00:00","guid":{"rendered":"https:\/\/linitiative.ca\/International\/campagne-feroce\/"},"modified":"2021-06-30T06:00:00","modified_gmt":"2021-06-30T10:00:00","slug":"campagne-feroce","status":"publish","type":"post","link":"https:\/\/linitiative.ca\/International\/campagne-feroce\/","title":{"rendered":"Campagne f\u00e9roce"},"content":{"rendered":"<div>Le minist\u00e8re de la Transition \u00e9nerg\u00e9tique et des \u00c9nergies renouvelables s\u2019appr\u00eate \u00e0 lancer une campagne publicitaire f\u00e9roce pour promouvoir son programme national de la ma\u00eetrise de l\u2019\u00e9nergie<\/div>\n<p>Auteur:<br \/>\n<a href=\"https:\/\/www.lesoirdalgerie.com\/periscoop\/campagne-feroce-63610\">Cliquez ici pour lire l&rsquo;article depuis sa source.<\/a><\/p>\n","protected":false},"excerpt":{"rendered":"<p>Le minist\u00e8re de la Transition \u00e9nerg\u00e9tique et des \u00c9nergies renouvelables s\u2019appr\u00eate \u00e0 lancer une campagne publicitaire f\u00e9roce pour promouvoir son programme national de la ma\u00eetrise de l\u2019\u00e9nergie Auteur: Cliquez ici pour lire l&rsquo;article depuis sa source.<\/p>\n","protected":false},"author":1741,"featured_media":0,"comment_status":"closed","ping_status":"closed","sticky":false,"template":"","format":"standard","meta":{"fifu_image_url":"","fifu_image_alt":"","footnotes":""},"categories":[73,53],"tags":[],"class_list":["post-119981","post","type-post","status-publish","format-standard","hentry","category-actualite","category-algerie"],"_links":{"self":[{"href":"https:\/\/linitiative.ca\/International\/wp-json\/wp\/v2\/posts\/119981","targetHints":{"allow":["GET"]}}],"collection":[{"href":"https:\/\/linitiative.ca\/International\/wp-json\/wp\/v2\/posts"}],"about":[{"href":"https:\/\/linitiative.ca\/International\/wp-json\/wp\/v2\/types\/post"}],"author":[{"embeddable":true,"href":"https:\/\/linitiative.ca\/International\/wp-json\/wp\/v2\/users\/1741"}],"replies":[{"embeddable":true,"href":"https:\/\/linitiative.ca\/International\/wp-json\/wp\/v2\/comments?post=119981"}],"version-history":[{"count":0,"href":"https:\/\/linitiative.ca\/International\/wp-json\/wp\/v2\/posts\/119981\/revisions"}],"wp:attachment":[{"href":"https:\/\/linitiative.ca\/International\/wp-json\/wp\/v2\/media?parent=119981"}],"wp:term":[{"taxonomy":"category","embeddable":true,"href":"https:\/\/linitiative.ca\/International\/wp-json\/wp\/v2\/categories?post=119981"},{"taxonomy":"post_tag","embeddable":true,"href":"https:\/\/linitiative.ca\/International\/wp-json\/wp\/v2\/tags?post=119981"}],"curies":[{"name":"wp","href":"https:\/\/api.w.org\/{rel}","templated":true}]}}