{"id":119982,"date":"2021-06-30T06:00:00","date_gmt":"2021-06-30T10:00:00","guid":{"rendered":"https:\/\/linitiative.ca\/International\/une-enveloppe-pour-les-salaires\/"},"modified":"2021-06-30T06:00:00","modified_gmt":"2021-06-30T10:00:00","slug":"une-enveloppe-pour-les-salaires","status":"publish","type":"post","link":"https:\/\/linitiative.ca\/International\/une-enveloppe-pour-les-salaires\/","title":{"rendered":"Une enveloppe pour les salaires"},"content":{"rendered":"<div>Le minist\u00e8re de l&rsquo;\u00c9ducation nationale s\u2019attaque \u00e0 la question des arri\u00e9r\u00e9s de salaires des enseignants qui, pour certains, datent de 2014. Dans certaines wilayas, les montants sont faramineux. Les enveloppes financi\u00e8res<\/div>\n<p>Auteur:<br \/>\n<a href=\"https:\/\/www.lesoirdalgerie.com\/periscoop\/une-enveloppe-pour-les-salaires-63609\">Cliquez ici pour lire l&rsquo;article depuis sa source.<\/a><\/p>\n","protected":false},"excerpt":{"rendered":"<p>Le minist\u00e8re de l&rsquo;\u00c9ducation nationale s\u2019attaque \u00e0 la question des arri\u00e9r\u00e9s de salaires des enseignants qui, pour certains, datent de 2014. Dans certaines wilayas, les montants sont faramineux. Les enveloppes financi\u00e8res Auteur: Cliquez ici pour lire l&rsquo;article depuis sa source.<\/p>\n","protected":false},"author":1741,"featured_media":0,"comment_status":"closed","ping_status":"closed","sticky":false,"template":"","format":"standard","meta":{"fifu_image_url":"","fifu_image_alt":"","footnotes":""},"categories":[73,53],"tags":[],"class_list":["post-119982","post","type-post","status-publish","format-standard","hentry","category-actualite","category-algerie"],"_links":{"self":[{"href":"https:\/\/linitiative.ca\/International\/wp-json\/wp\/v2\/posts\/119982","targetHints":{"allow":["GET"]}}],"collection":[{"href":"https:\/\/linitiative.ca\/International\/wp-json\/wp\/v2\/posts"}],"about":[{"href":"https:\/\/linitiative.ca\/International\/wp-json\/wp\/v2\/types\/post"}],"author":[{"embeddable":true,"href":"https:\/\/linitiative.ca\/International\/wp-json\/wp\/v2\/users\/1741"}],"replies":[{"embeddable":true,"href":"https:\/\/linitiative.ca\/International\/wp-json\/wp\/v2\/comments?post=119982"}],"version-history":[{"count":0,"href":"https:\/\/linitiative.ca\/International\/wp-json\/wp\/v2\/posts\/119982\/revisions"}],"wp:attachment":[{"href":"https:\/\/linitiative.ca\/International\/wp-json\/wp\/v2\/media?parent=119982"}],"wp:term":[{"taxonomy":"category","embeddable":true,"href":"https:\/\/linitiative.ca\/International\/wp-json\/wp\/v2\/categories?post=119982"},{"taxonomy":"post_tag","embeddable":true,"href":"https:\/\/linitiative.ca\/International\/wp-json\/wp\/v2\/tags?post=119982"}],"curies":[{"name":"wp","href":"https:\/\/api.w.org\/{rel}","templated":true}]}}