{"id":119985,"date":"2021-06-30T14:01:29","date_gmt":"2021-06-30T18:01:29","guid":{"rendered":"https:\/\/linitiative.ca\/International\/mehdi-hijaouy-il-serait-fort-opportun-pour-le-maroc-delaborer-et-de-mettre-en-oeuvre-une-strategie-nationale-de-reputation\/"},"modified":"2021-06-30T14:01:29","modified_gmt":"2021-06-30T18:01:29","slug":"mehdi-hijaouy-il-serait-fort-opportun-pour-le-maroc-delaborer-et-de-mettre-en-oeuvre-une-strategie-nationale-de-reputation","status":"publish","type":"post","link":"https:\/\/linitiative.ca\/International\/mehdi-hijaouy-il-serait-fort-opportun-pour-le-maroc-delaborer-et-de-mettre-en-oeuvre-une-strategie-nationale-de-reputation\/","title":{"rendered":"Mehdi Hijaouy : \u00abIl serait fort opportun pour le Maroc d\u2019\u00e9laborer et de mettre en \u0153uvre une Strat\u00e9gie nationale d\u2019E-R\u00e9putation\u00bb"},"content":{"rendered":"<div><img decoding=\"async\" width=\"750\" height=\"496\" src=\"https:\/\/linitiative.ca\/International\/wp-content\/uploads\/sites\/23\/2021\/06\/hija-1.jpg\" class=\"attachment-post-thumbnail size-post-thumbnail wp-post-image\" alt=\"\" loading=\"lazy\" srcset=\"https:\/\/linitiative.ca\/International\/wp-content\/uploads\/sites\/23\/2021\/06\/hija-1.jpg 750w, https:\/\/www.challenge.ma\/wp-content\/uploads\/2021\/06\/hija-1-300x198.jpg 300w, https:\/\/www.challenge.ma\/wp-content\/uploads\/2021\/06\/hija-1-360x238.jpg 360w\" sizes=\"auto, (max-width: 750px) 100vw, 750px\" itemprop=\"image\">Les pratiques de communication connaissent dans ce XXI\u00e8me si\u00e8cle un r\u00e9el chamboulement dans le temps et l\u2019espace. Devenue num\u00e9rique et digitale, la communication pose ainsi des questions in\u00e9dites aux pays des quatre continents, particuli\u00e8rement africains. Evaluer l\u2019importance de l\u2019E-R\u00e9putation, \u00e0 travers, notamment, la fulmination des m\u00e9dias et r\u00e9seaux sociaux, devient<\/div>\n<p>Auteur: challenge<br \/>\n<a href=\"https:\/\/www.challenge.ma\/mehdi-hijaouy-il-serait-fort-opportun-pour-le-maroc-delaborer-et-de-mettre-en-oeuvre-une-strategie-nationale-de-reputation-190745\/\">Cliquez ici pour lire l&rsquo;article depuis sa source.<\/a><\/p>\n","protected":false},"excerpt":{"rendered":"<p>Les pratiques de communication connaissent dans ce XXI\u00e8me si\u00e8cle un r\u00e9el chamboulement dans le temps et l\u2019espace. Devenue num\u00e9rique et digitale, la communication pose ainsi des questions in\u00e9dites aux pays des quatre continents, particuli\u00e8rement africains. Evaluer l\u2019importance de l\u2019E-R\u00e9putation, \u00e0 travers, notamment, la fulmination des m\u00e9dias et r\u00e9seaux sociaux, devient Auteur: challenge Cliquez ici pour [&hellip;]<\/p>\n","protected":false},"author":1787,"featured_media":0,"comment_status":"closed","ping_status":"closed","sticky":false,"template":"","format":"standard","meta":{"fifu_image_url":"https:\/\/www.challenge.ma\/wp-content\/uploads\/2021\/06\/hija-1.jpg","fifu_image_alt":"Mehdi Hijaouy : \u00abIl serait fort opportun pour le Maroc d\u2019\u00e9laborer et de mettre en \u0153uvre une Strat\u00e9gie nationale d\u2019E-R\u00e9putation\u00bb","footnotes":""},"categories":[78,54],"tags":[],"class_list":["post-119985","post","type-post","status-publish","format-standard","hentry","category-economie","category-maroc"],"_links":{"self":[{"href":"https:\/\/linitiative.ca\/International\/wp-json\/wp\/v2\/posts\/119985","targetHints":{"allow":["GET"]}}],"collection":[{"href":"https:\/\/linitiative.ca\/International\/wp-json\/wp\/v2\/posts"}],"about":[{"href":"https:\/\/linitiative.ca\/International\/wp-json\/wp\/v2\/types\/post"}],"author":[{"embeddable":true,"href":"https:\/\/linitiative.ca\/International\/wp-json\/wp\/v2\/users\/1787"}],"replies":[{"embeddable":true,"href":"https:\/\/linitiative.ca\/International\/wp-json\/wp\/v2\/comments?post=119985"}],"version-history":[{"count":0,"href":"https:\/\/linitiative.ca\/International\/wp-json\/wp\/v2\/posts\/119985\/revisions"}],"wp:attachment":[{"href":"https:\/\/linitiative.ca\/International\/wp-json\/wp\/v2\/media?parent=119985"}],"wp:term":[{"taxonomy":"category","embeddable":true,"href":"https:\/\/linitiative.ca\/International\/wp-json\/wp\/v2\/categories?post=119985"},{"taxonomy":"post_tag","embeddable":true,"href":"https:\/\/linitiative.ca\/International\/wp-json\/wp\/v2\/tags?post=119985"}],"curies":[{"name":"wp","href":"https:\/\/api.w.org\/{rel}","templated":true}]}}