{"id":119993,"date":"2021-06-30T16:47:27","date_gmt":"2021-06-30T20:47:27","guid":{"rendered":"https:\/\/linitiative.ca\/International\/coronavirus-le-ministere-de-la-sante-alerte-sur-une-rechute-epidemiologique-face-au-non-respect-des-mesures-preventives\/"},"modified":"2021-06-30T16:47:27","modified_gmt":"2021-06-30T20:47:27","slug":"coronavirus-le-ministere-de-la-sante-alerte-sur-une-rechute-epidemiologique-face-au-non-respect-des-mesures-preventives","status":"publish","type":"post","link":"https:\/\/linitiative.ca\/International\/coronavirus-le-ministere-de-la-sante-alerte-sur-une-rechute-epidemiologique-face-au-non-respect-des-mesures-preventives\/","title":{"rendered":"Coronavirus. Le minist\u00e8re de la Sant\u00e9 alerte  sur une rechute \u00e9pid\u00e9miologique face au non-respect des mesures pr\u00e9ventives"},"content":{"rendered":"<div><img decoding=\"async\" width=\"618\" height=\"344\" src=\"https:\/\/linitiative.ca\/International\/wp-content\/uploads\/sites\/23\/2021\/06\/Khalid-Ait-Taleb-ministre-de-la-Sante-1475.jpg\" class=\"attachment-post-thumbnail size-post-thumbnail wp-post-image\" alt=\"\" loading=\"lazy\" srcset=\"https:\/\/linitiative.ca\/International\/wp-content\/uploads\/sites\/23\/2021\/06\/Khalid-Ait-Taleb-ministre-de-la-Sante-1475.jpg 618w, https:\/\/www.challenge.ma\/wp-content\/uploads\/2021\/01\/Khalid-Ait-Taleb-ministre-de-la-Sante-1475-300x167.jpg 300w, https:\/\/www.challenge.ma\/wp-content\/uploads\/2021\/01\/Khalid-Ait-Taleb-ministre-de-la-Sante-1475-360x200.jpg 360w\" sizes=\"auto, (max-width: 618px) 100vw, 618px\" itemprop=\"image\">Face au rel\u00e2chement observ\u00e9 au sein de la population, le minist\u00e8re de la Sant\u00e9 appelle de nouveau \u00ab\u00a0l\u2019ensemble des citoyens \u00e0 la prudence et au respect strict des mesures pr\u00e9ventives pour \u00e9viter toute rechute \u00e9pid\u00e9miologique\u00a0\u00bb. Le rel\u00e2chement observ\u00e9 pourrait engendrer un retour \u00ab\u00a0\u00e0 la case d\u00e9part\u00a0\u00bb, notamment apr\u00e8s la lev\u00e9e<\/div>\n<p>Auteur: challenge<br \/>\n<a href=\"https:\/\/www.challenge.ma\/coronavirus-le-ministere-de-la-sante-alerte-sur-une-rechute-epidemiologique-face-au-non-respect-des-mesures-preventives-190821\/\">Cliquez ici pour lire l&rsquo;article depuis sa source.<\/a><\/p>\n","protected":false},"excerpt":{"rendered":"<p>Face au rel\u00e2chement observ\u00e9 au sein de la population, le minist\u00e8re de la Sant\u00e9 appelle de nouveau \u00ab\u00a0l\u2019ensemble des citoyens \u00e0 la prudence et au respect strict des mesures pr\u00e9ventives pour \u00e9viter toute rechute \u00e9pid\u00e9miologique\u00a0\u00bb. Le rel\u00e2chement observ\u00e9 pourrait engendrer un retour \u00ab\u00a0\u00e0 la case d\u00e9part\u00a0\u00bb, notamment apr\u00e8s la lev\u00e9e Auteur: challenge Cliquez ici pour [&hellip;]<\/p>\n","protected":false},"author":1787,"featured_media":0,"comment_status":"closed","ping_status":"closed","sticky":false,"template":"","format":"standard","meta":{"fifu_image_url":"https:\/\/www.challenge.ma\/wp-content\/uploads\/2021\/01\/Khalid-Ait-Taleb-ministre-de-la-Sante-1475.jpg","fifu_image_alt":"Coronavirus. Le minist\u00e8re de la Sant\u00e9 alerte  sur une rechute \u00e9pid\u00e9miologique face au non-respect des mesures pr\u00e9ventives","footnotes":""},"categories":[78,54],"tags":[],"class_list":["post-119993","post","type-post","status-publish","format-standard","hentry","category-economie","category-maroc"],"_links":{"self":[{"href":"https:\/\/linitiative.ca\/International\/wp-json\/wp\/v2\/posts\/119993","targetHints":{"allow":["GET"]}}],"collection":[{"href":"https:\/\/linitiative.ca\/International\/wp-json\/wp\/v2\/posts"}],"about":[{"href":"https:\/\/linitiative.ca\/International\/wp-json\/wp\/v2\/types\/post"}],"author":[{"embeddable":true,"href":"https:\/\/linitiative.ca\/International\/wp-json\/wp\/v2\/users\/1787"}],"replies":[{"embeddable":true,"href":"https:\/\/linitiative.ca\/International\/wp-json\/wp\/v2\/comments?post=119993"}],"version-history":[{"count":0,"href":"https:\/\/linitiative.ca\/International\/wp-json\/wp\/v2\/posts\/119993\/revisions"}],"wp:attachment":[{"href":"https:\/\/linitiative.ca\/International\/wp-json\/wp\/v2\/media?parent=119993"}],"wp:term":[{"taxonomy":"category","embeddable":true,"href":"https:\/\/linitiative.ca\/International\/wp-json\/wp\/v2\/categories?post=119993"},{"taxonomy":"post_tag","embeddable":true,"href":"https:\/\/linitiative.ca\/International\/wp-json\/wp\/v2\/tags?post=119993"}],"curies":[{"name":"wp","href":"https:\/\/api.w.org\/{rel}","templated":true}]}}