{"id":119996,"date":"2021-06-30T16:23:17","date_gmt":"2021-06-30T20:23:17","guid":{"rendered":"https:\/\/linitiative.ca\/International\/violence-parlementaire-la-presidence-du-gouvernement-reagit\/"},"modified":"2021-06-30T16:23:17","modified_gmt":"2021-06-30T20:23:17","slug":"violence-parlementaire-la-presidence-du-gouvernement-reagit","status":"publish","type":"post","link":"https:\/\/linitiative.ca\/International\/violence-parlementaire-la-presidence-du-gouvernement-reagit\/","title":{"rendered":"Violence parlementaire: La pr\u00e9sidence du gouvernement r\u00e9agit"},"content":{"rendered":"<div>\n<p>En marge de l\u2019agression de la d\u00e9put\u00e9e PDL, Abir Moussi aujourd\u2019hui \u00e0 l\u2019ARP, la pr\u00e9sidence du gouvernement a d\u00e9nonc\u00e9 dans un communiqu\u00e9 rendu public ce soir 30 juin 2021, ces agissements consid\u00e9rant cela comme \u201catteinte aux femmes et \u00e0 leurs acquis atteints suite \u00e0 la militance des femmes tunisiennes. La pr\u00e9sidence du gouvernement a par [\u2026]<\/p>\n<p>L\u2019article <a href=\"https:\/\/www.tunisienumerique.com\/violence-parlementaire-la-presidence-du-gouvernement-reagit\/\">Violence parlementaire: La pr\u00e9sidence du gouvernement r\u00e9agit<\/a> est apparu en premier sur <a href=\"https:\/\/www.tunisienumerique.com\/\">Tunisie<\/a>.<\/p>\n<\/div>\n<p>Auteur: rania ben slimane<br \/>\n<a href=\"https:\/\/www.tunisienumerique.com\/violence-parlementaire-la-presidence-du-gouvernement-reagit\/\">Cliquez ici pour lire l&rsquo;article depuis sa source.<\/a><\/p>\n","protected":false},"excerpt":{"rendered":"<p>En marge de l\u2019agression de la d\u00e9put\u00e9e PDL, Abir Moussi aujourd\u2019hui \u00e0 l\u2019ARP, la pr\u00e9sidence du gouvernement a d\u00e9nonc\u00e9 dans un communiqu\u00e9 rendu public ce soir 30 juin 2021, ces agissements consid\u00e9rant cela comme \u201catteinte aux femmes et \u00e0 leurs acquis atteints suite \u00e0 la militance des femmes tunisiennes. La pr\u00e9sidence du gouvernement a par [&hellip;]<\/p>\n","protected":false},"author":1789,"featured_media":0,"comment_status":"closed","ping_status":"closed","sticky":false,"template":"","format":"standard","meta":{"fifu_image_url":"","fifu_image_alt":"","footnotes":""},"categories":[73,55],"tags":[],"class_list":["post-119996","post","type-post","status-publish","format-standard","hentry","category-actualite","category-tunisie"],"_links":{"self":[{"href":"https:\/\/linitiative.ca\/International\/wp-json\/wp\/v2\/posts\/119996","targetHints":{"allow":["GET"]}}],"collection":[{"href":"https:\/\/linitiative.ca\/International\/wp-json\/wp\/v2\/posts"}],"about":[{"href":"https:\/\/linitiative.ca\/International\/wp-json\/wp\/v2\/types\/post"}],"author":[{"embeddable":true,"href":"https:\/\/linitiative.ca\/International\/wp-json\/wp\/v2\/users\/1789"}],"replies":[{"embeddable":true,"href":"https:\/\/linitiative.ca\/International\/wp-json\/wp\/v2\/comments?post=119996"}],"version-history":[{"count":0,"href":"https:\/\/linitiative.ca\/International\/wp-json\/wp\/v2\/posts\/119996\/revisions"}],"wp:attachment":[{"href":"https:\/\/linitiative.ca\/International\/wp-json\/wp\/v2\/media?parent=119996"}],"wp:term":[{"taxonomy":"category","embeddable":true,"href":"https:\/\/linitiative.ca\/International\/wp-json\/wp\/v2\/categories?post=119996"},{"taxonomy":"post_tag","embeddable":true,"href":"https:\/\/linitiative.ca\/International\/wp-json\/wp\/v2\/tags?post=119996"}],"curies":[{"name":"wp","href":"https:\/\/api.w.org\/{rel}","templated":true}]}}