{"id":119997,"date":"2021-06-30T16:43:57","date_gmt":"2021-06-30T20:43:57","guid":{"rendered":"https:\/\/linitiative.ca\/International\/tunisie-les-graves-accusations-portees-par-le-comite-de-defense-de-belaid-et-brahmi-au-juge-akremi\/"},"modified":"2021-06-30T16:43:57","modified_gmt":"2021-06-30T20:43:57","slug":"tunisie-les-graves-accusations-portees-par-le-comite-de-defense-de-belaid-et-brahmi-au-juge-akremi","status":"publish","type":"post","link":"https:\/\/linitiative.ca\/International\/tunisie-les-graves-accusations-portees-par-le-comite-de-defense-de-belaid-et-brahmi-au-juge-akremi\/","title":{"rendered":"Tunisie \u2013 Les graves accusations port\u00e9es par le comit\u00e9 de d\u00e9fense de Bela\u00efd et Brahmi au juge Akremi"},"content":{"rendered":"<div>\n<p>Le comit\u00e9 de d\u00e9fense des martyrs Bela\u00efd et Brahmi, a tenu ce mercredi 30 juin 2021, une conf\u00e9rence de presse pour\u00a0faire connaitre le contenu du rapport de l\u2019enqu\u00eate\u00a0men\u00e9e par l\u2019inspection g\u00e9n\u00e9rale du minist\u00e8re de la Justice \u00e0 sur les agissements de l\u2019ex procureur B\u00e9chir Akremi. L\u2019inspection g\u00e9n\u00e9rale a, dans ce rapport, relev\u00e9 de nombreux manquements [\u2026]<\/p>\n<p>L\u2019article <a href=\"https:\/\/www.tunisienumerique.com\/tunisie-les-graves-accusations-portees-par-le-comite-de-defense-de-belaid-et-brahmi-au-juge-akremi\/\">Tunisie \u2013 Les graves accusations port\u00e9es par le comit\u00e9 de d\u00e9fense de Bela\u00efd et Brahmi au juge Akremi<\/a> est apparu en premier sur <a href=\"https:\/\/www.tunisienumerique.com\/\">Tunisie<\/a>.<\/p>\n<\/div>\n<p>Auteur: LM<br \/>\n<a href=\"https:\/\/www.tunisienumerique.com\/tunisie-les-graves-accusations-portees-par-le-comite-de-defense-de-belaid-et-brahmi-au-juge-akremi\/\">Cliquez ici pour lire l&rsquo;article depuis sa source.<\/a><\/p>\n","protected":false},"excerpt":{"rendered":"<p>Le comit\u00e9 de d\u00e9fense des martyrs Bela\u00efd et Brahmi, a tenu ce mercredi 30 juin 2021, une conf\u00e9rence de presse pour\u00a0faire connaitre le contenu du rapport de l\u2019enqu\u00eate\u00a0men\u00e9e par l\u2019inspection g\u00e9n\u00e9rale du minist\u00e8re de la Justice \u00e0 sur les agissements de l\u2019ex procureur B\u00e9chir Akremi. L\u2019inspection g\u00e9n\u00e9rale a, dans ce rapport, relev\u00e9 de nombreux manquements [&hellip;]<\/p>\n","protected":false},"author":1789,"featured_media":0,"comment_status":"closed","ping_status":"closed","sticky":false,"template":"","format":"standard","meta":{"fifu_image_url":"","fifu_image_alt":"","footnotes":""},"categories":[73,55],"tags":[],"class_list":["post-119997","post","type-post","status-publish","format-standard","hentry","category-actualite","category-tunisie"],"_links":{"self":[{"href":"https:\/\/linitiative.ca\/International\/wp-json\/wp\/v2\/posts\/119997","targetHints":{"allow":["GET"]}}],"collection":[{"href":"https:\/\/linitiative.ca\/International\/wp-json\/wp\/v2\/posts"}],"about":[{"href":"https:\/\/linitiative.ca\/International\/wp-json\/wp\/v2\/types\/post"}],"author":[{"embeddable":true,"href":"https:\/\/linitiative.ca\/International\/wp-json\/wp\/v2\/users\/1789"}],"replies":[{"embeddable":true,"href":"https:\/\/linitiative.ca\/International\/wp-json\/wp\/v2\/comments?post=119997"}],"version-history":[{"count":0,"href":"https:\/\/linitiative.ca\/International\/wp-json\/wp\/v2\/posts\/119997\/revisions"}],"wp:attachment":[{"href":"https:\/\/linitiative.ca\/International\/wp-json\/wp\/v2\/media?parent=119997"}],"wp:term":[{"taxonomy":"category","embeddable":true,"href":"https:\/\/linitiative.ca\/International\/wp-json\/wp\/v2\/categories?post=119997"},{"taxonomy":"post_tag","embeddable":true,"href":"https:\/\/linitiative.ca\/International\/wp-json\/wp\/v2\/tags?post=119997"}],"curies":[{"name":"wp","href":"https:\/\/api.w.org\/{rel}","templated":true}]}}