{"id":119998,"date":"2021-06-30T17:01:31","date_gmt":"2021-06-30T21:01:31","guid":{"rendered":"https:\/\/linitiative.ca\/International\/urgent-violence-parlementaire-en-direct-abir-moussi-victime-dune-nouvelle-agression\/"},"modified":"2021-06-30T17:01:31","modified_gmt":"2021-06-30T21:01:31","slug":"urgent-violence-parlementaire-en-direct-abir-moussi-victime-dune-nouvelle-agression","status":"publish","type":"post","link":"https:\/\/linitiative.ca\/International\/urgent-violence-parlementaire-en-direct-abir-moussi-victime-dune-nouvelle-agression\/","title":{"rendered":"URGENT- Violence parlementaire [EN DIRECT] : Abir Moussi victime d\u2019une nouvelle agression!"},"content":{"rendered":"<div>\n<p>La cheffe du PDL, Abir Moussi a \u00e9t\u00e9 victime d\u2019une nouvelle agression physique et verbale perp\u00e9tr\u00e9 par les d\u00e9put\u00e9s de la Coalition El Karama dont\u00a0 Seifeddine Makhlouf, Mohamed Affes et Abdellatif Aloui au sein du parlement et en pr\u00e9sence d\u2019autres d\u00e9put\u00e9s! Ces derniers lui ont adress\u00e9 des propos misogynes et des insultes, outre que des [\u2026]<\/p>\n<p>L\u2019article <a href=\"https:\/\/www.tunisienumerique.com\/urgent-violence-parlementaire-en-direct-abir-moussi-victime-dune-nouvelle-agression\/\">URGENT- Violence parlementaire [EN DIRECT] : Abir Moussi victime d\u2019une nouvelle agression!<\/a> est apparu en premier sur <a href=\"https:\/\/www.tunisienumerique.com\/\">Tunisie<\/a>.<\/p>\n<\/div>\n<p>Auteur: rania ben slimane<br \/>\n<a href=\"https:\/\/www.tunisienumerique.com\/urgent-violence-parlementaire-en-direct-abir-moussi-victime-dune-nouvelle-agression\/\">Cliquez ici pour lire l&rsquo;article depuis sa source.<\/a><\/p>\n","protected":false},"excerpt":{"rendered":"<p>La cheffe du PDL, Abir Moussi a \u00e9t\u00e9 victime d\u2019une nouvelle agression physique et verbale perp\u00e9tr\u00e9 par les d\u00e9put\u00e9s de la Coalition El Karama dont\u00a0 Seifeddine Makhlouf, Mohamed Affes et Abdellatif Aloui au sein du parlement et en pr\u00e9sence d\u2019autres d\u00e9put\u00e9s! Ces derniers lui ont adress\u00e9 des propos misogynes et des insultes, outre que des [&hellip;]<\/p>\n","protected":false},"author":1789,"featured_media":0,"comment_status":"closed","ping_status":"closed","sticky":false,"template":"","format":"standard","meta":{"fifu_image_url":"","fifu_image_alt":"","footnotes":""},"categories":[73,55],"tags":[],"class_list":["post-119998","post","type-post","status-publish","format-standard","hentry","category-actualite","category-tunisie"],"_links":{"self":[{"href":"https:\/\/linitiative.ca\/International\/wp-json\/wp\/v2\/posts\/119998","targetHints":{"allow":["GET"]}}],"collection":[{"href":"https:\/\/linitiative.ca\/International\/wp-json\/wp\/v2\/posts"}],"about":[{"href":"https:\/\/linitiative.ca\/International\/wp-json\/wp\/v2\/types\/post"}],"author":[{"embeddable":true,"href":"https:\/\/linitiative.ca\/International\/wp-json\/wp\/v2\/users\/1789"}],"replies":[{"embeddable":true,"href":"https:\/\/linitiative.ca\/International\/wp-json\/wp\/v2\/comments?post=119998"}],"version-history":[{"count":0,"href":"https:\/\/linitiative.ca\/International\/wp-json\/wp\/v2\/posts\/119998\/revisions"}],"wp:attachment":[{"href":"https:\/\/linitiative.ca\/International\/wp-json\/wp\/v2\/media?parent=119998"}],"wp:term":[{"taxonomy":"category","embeddable":true,"href":"https:\/\/linitiative.ca\/International\/wp-json\/wp\/v2\/categories?post=119998"},{"taxonomy":"post_tag","embeddable":true,"href":"https:\/\/linitiative.ca\/International\/wp-json\/wp\/v2\/tags?post=119998"}],"curies":[{"name":"wp","href":"https:\/\/api.w.org\/{rel}","templated":true}]}}