{"id":119999,"date":"2021-06-30T17:14:25","date_gmt":"2021-06-30T21:14:25","guid":{"rendered":"https:\/\/linitiative.ca\/International\/tunisie-lagression-dabir-moussi-aurait-des-liens-avec-le-dossier-du-juge-bechir-akremi\/"},"modified":"2021-06-30T17:14:25","modified_gmt":"2021-06-30T21:14:25","slug":"tunisie-lagression-dabir-moussi-aurait-des-liens-avec-le-dossier-du-juge-bechir-akremi","status":"publish","type":"post","link":"https:\/\/linitiative.ca\/International\/tunisie-lagression-dabir-moussi-aurait-des-liens-avec-le-dossier-du-juge-bechir-akremi\/","title":{"rendered":"Tunisie \u2013 L\u2019agression d\u2019Abir Moussi aurait des liens avec le dossier du juge Bechir Akremi\u00a0?"},"content":{"rendered":"<div>\n<p>L\u2019ex-magistrate et candidate aux pr\u00e9sidentielles, Kaltoum Kannou, s\u2019est demand\u00e9e, ce mardi si l\u2019agression violente perp\u00e9tr\u00e9e par le d\u00e9put\u00e9 Sahbi Smara contre sa coll\u00e8gue la pr\u00e9sidente du bloc parlementaire du PDL, Abir Moussi, n\u2019aurait pas des liens avec le dossier r\u00e9v\u00e9l\u00e9 par le comit\u00e9 de d\u00e9fense des martyrs, concernant la gestion par l\u2019ex procureur de la [\u2026]<\/p>\n<p>L\u2019article <a href=\"https:\/\/www.tunisienumerique.com\/tunisie-lagression-dabir-moussi-aurait-des-liens-avec-le-dossier-du-juge-bechir-akremi\/\">Tunisie \u2013 L\u2019agression d\u2019Abir Moussi aurait des liens avec le dossier du juge Bechir Akremi\u00a0?<\/a> est apparu en premier sur <a href=\"https:\/\/www.tunisienumerique.com\/\">Tunisie<\/a>.<\/p>\n<\/div>\n<p>Auteur: LM<br \/>\n<a href=\"https:\/\/www.tunisienumerique.com\/tunisie-lagression-dabir-moussi-aurait-des-liens-avec-le-dossier-du-juge-bechir-akremi\/\">Cliquez ici pour lire l&rsquo;article depuis sa source.<\/a><\/p>\n","protected":false},"excerpt":{"rendered":"<p>L\u2019ex-magistrate et candidate aux pr\u00e9sidentielles, Kaltoum Kannou, s\u2019est demand\u00e9e, ce mardi si l\u2019agression violente perp\u00e9tr\u00e9e par le d\u00e9put\u00e9 Sahbi Smara contre sa coll\u00e8gue la pr\u00e9sidente du bloc parlementaire du PDL, Abir Moussi, n\u2019aurait pas des liens avec le dossier r\u00e9v\u00e9l\u00e9 par le comit\u00e9 de d\u00e9fense des martyrs, concernant la gestion par l\u2019ex procureur de la [&hellip;]<\/p>\n","protected":false},"author":1789,"featured_media":0,"comment_status":"closed","ping_status":"closed","sticky":false,"template":"","format":"standard","meta":{"fifu_image_url":"","fifu_image_alt":"","footnotes":""},"categories":[73,55],"tags":[],"class_list":["post-119999","post","type-post","status-publish","format-standard","hentry","category-actualite","category-tunisie"],"_links":{"self":[{"href":"https:\/\/linitiative.ca\/International\/wp-json\/wp\/v2\/posts\/119999","targetHints":{"allow":["GET"]}}],"collection":[{"href":"https:\/\/linitiative.ca\/International\/wp-json\/wp\/v2\/posts"}],"about":[{"href":"https:\/\/linitiative.ca\/International\/wp-json\/wp\/v2\/types\/post"}],"author":[{"embeddable":true,"href":"https:\/\/linitiative.ca\/International\/wp-json\/wp\/v2\/users\/1789"}],"replies":[{"embeddable":true,"href":"https:\/\/linitiative.ca\/International\/wp-json\/wp\/v2\/comments?post=119999"}],"version-history":[{"count":0,"href":"https:\/\/linitiative.ca\/International\/wp-json\/wp\/v2\/posts\/119999\/revisions"}],"wp:attachment":[{"href":"https:\/\/linitiative.ca\/International\/wp-json\/wp\/v2\/media?parent=119999"}],"wp:term":[{"taxonomy":"category","embeddable":true,"href":"https:\/\/linitiative.ca\/International\/wp-json\/wp\/v2\/categories?post=119999"},{"taxonomy":"post_tag","embeddable":true,"href":"https:\/\/linitiative.ca\/International\/wp-json\/wp\/v2\/tags?post=119999"}],"curies":[{"name":"wp","href":"https:\/\/api.w.org\/{rel}","templated":true}]}}