{"id":120000,"date":"2021-06-30T16:08:35","date_gmt":"2021-06-30T20:08:35","guid":{"rendered":"https:\/\/linitiative.ca\/International\/crise-securitaire-au-burkina\/"},"modified":"2021-06-30T16:08:35","modified_gmt":"2021-06-30T20:08:35","slug":"crise-securitaire-au-burkina","status":"publish","type":"post","link":"https:\/\/linitiative.ca\/International\/crise-securitaire-au-burkina\/","title":{"rendered":"CRISE SECURITAIRE AU BURKINA"},"content":{"rendered":"<div>\n<p><img decoding=\"async\" width=\"1024\" height=\"683\" src=\"https:\/\/linitiative.ca\/International\/wp-content\/uploads\/sites\/23\/2021\/06\/CRISE.jpg\" class=\"attachment- size- wp-post-image\" alt=\"\" loading=\"lazy\" style=\"float:left; margin:0 15px 15px 0;\" srcset=\"https:\/\/linitiative.ca\/International\/wp-content\/uploads\/sites\/23\/2021\/06\/CRISE.jpg 1024w, https:\/\/lepays.bf\/wp-content\/uploads\/2021\/06\/CRISE-300x200.jpg 300w, https:\/\/lepays.bf\/wp-content\/uploads\/2021\/06\/CRISE-768x512.jpg 768w\" sizes=\"auto, (max-width: 1024px) 100vw, 1024px\">Au lendemain de l\u2019adresse du chef de l\u2019Etat, Roch Marc Christian Kabor\u00e9, \u00e0 la Nation, l\u2019heure est aux grandes man\u0153uvres. En effet, une fi\u00e8vre g\u00e9n\u00e9rale semble s\u2019\u00eatre empar\u00e9e du pays et cette brusque mont\u00e9e de la temp\u00e9rature est perceptible non seulement du c\u00f4t\u00e9 de l\u2019Etat-major g\u00e9n\u00e9ral des arm\u00e9es (EMGA) et de la Justice, mais aussi \u2026<\/p>\n<p>L\u2019article <a rel=\"nofollow\" href=\"https:\/\/lepays.bf\/crise-securitaire-au-burkina-7\/\">CRISE SECURITAIRE AU BURKINA<\/a> est apparu en premier sur <a rel=\"nofollow\" href=\"https:\/\/lepays.bf\/\">Editions Le Pays<\/a>.<\/p>\n<\/div>\n<p>Auteur: Editions LEPAYS<br \/>\n<a href=\"https:\/\/lepays.bf\/crise-securitaire-au-burkina-7\/\">Cliquez ici pour lire l&rsquo;article depuis sa source.<\/a><\/p>\n","protected":false},"excerpt":{"rendered":"<p>Au lendemain de l\u2019adresse du chef de l\u2019Etat, Roch Marc Christian Kabor\u00e9, \u00e0 la Nation, l\u2019heure est aux grandes man\u0153uvres. En effet, une fi\u00e8vre g\u00e9n\u00e9rale semble s\u2019\u00eatre empar\u00e9e du pays et cette brusque mont\u00e9e de la temp\u00e9rature est perceptible non seulement du c\u00f4t\u00e9 de l\u2019Etat-major g\u00e9n\u00e9ral des arm\u00e9es (EMGA) et de la Justice, mais aussi [&hellip;]<\/p>\n","protected":false},"author":1813,"featured_media":0,"comment_status":"closed","ping_status":"closed","sticky":false,"template":"","format":"standard","meta":{"fifu_image_url":"https:\/\/lepays.bf\/wp-content\/uploads\/2021\/06\/CRISE.jpg","fifu_image_alt":"CRISE SECURITAIRE AU BURKINA","footnotes":""},"categories":[73,81],"tags":[],"class_list":["post-120000","post","type-post","status-publish","format-standard","hentry","category-actualite","category-burkina-faso"],"_links":{"self":[{"href":"https:\/\/linitiative.ca\/International\/wp-json\/wp\/v2\/posts\/120000","targetHints":{"allow":["GET"]}}],"collection":[{"href":"https:\/\/linitiative.ca\/International\/wp-json\/wp\/v2\/posts"}],"about":[{"href":"https:\/\/linitiative.ca\/International\/wp-json\/wp\/v2\/types\/post"}],"author":[{"embeddable":true,"href":"https:\/\/linitiative.ca\/International\/wp-json\/wp\/v2\/users\/1813"}],"replies":[{"embeddable":true,"href":"https:\/\/linitiative.ca\/International\/wp-json\/wp\/v2\/comments?post=120000"}],"version-history":[{"count":0,"href":"https:\/\/linitiative.ca\/International\/wp-json\/wp\/v2\/posts\/120000\/revisions"}],"wp:attachment":[{"href":"https:\/\/linitiative.ca\/International\/wp-json\/wp\/v2\/media?parent=120000"}],"wp:term":[{"taxonomy":"category","embeddable":true,"href":"https:\/\/linitiative.ca\/International\/wp-json\/wp\/v2\/categories?post=120000"},{"taxonomy":"post_tag","embeddable":true,"href":"https:\/\/linitiative.ca\/International\/wp-json\/wp\/v2\/tags?post=120000"}],"curies":[{"name":"wp","href":"https:\/\/api.w.org\/{rel}","templated":true}]}}