{"id":120002,"date":"2021-06-30T16:11:45","date_gmt":"2021-06-30T20:11:45","guid":{"rendered":"https:\/\/linitiative.ca\/International\/retour-annonce-de-laurent-gbagbo-dans-larene-politique\/"},"modified":"2021-06-30T16:11:45","modified_gmt":"2021-06-30T20:11:45","slug":"retour-annonce-de-laurent-gbagbo-dans-larene-politique","status":"publish","type":"post","link":"https:\/\/linitiative.ca\/International\/retour-annonce-de-laurent-gbagbo-dans-larene-politique\/","title":{"rendered":"RETOUR ANNONCE DE LAURENT GBAGBO DANS L\u2019ARENE POLITIQUE"},"content":{"rendered":"<div>\n<p><img decoding=\"async\" width=\"768\" height=\"510\" src=\"https:\/\/linitiative.ca\/International\/wp-content\/uploads\/sites\/23\/2021\/06\/RETOUR-2.jpg\" class=\"attachment- size- wp-post-image\" alt=\"\" loading=\"lazy\" style=\"float:left; margin:0 15px 15px 0;\" srcset=\"https:\/\/linitiative.ca\/International\/wp-content\/uploads\/sites\/23\/2021\/06\/RETOUR-2.jpg 768w, https:\/\/lepays.bf\/wp-content\/uploads\/2021\/06\/RETOUR-2-300x199.jpg 300w\" sizes=\"auto, (max-width: 768px) 100vw, 768px\">En visite dans son village de Mama quelque dix jours apr\u00e8s son retour triomphal au bercail, l\u2019ex-pr\u00e9sident ivoirien, Laurent Gbagbo, n\u2019a pas manqu\u00e9 d\u2019anecdotes \u00e0 raconter \u00e0 ses \u00ab\u00a0parents\u00a0\u00bb concernant son transf\u00e8rement \u00e0 la Cour p\u00e9nale internationale (CPI) et\u00a0 son s\u00e9jour carc\u00e9ral \u00e0 La Haye. Au nombre de ces petits potins qui ont ponctu\u00e9 cette \u2026<\/p>\n<p>L\u2019article <a rel=\"nofollow\" href=\"https:\/\/lepays.bf\/retour-annonce-de-laurent-gbagbo-dans-larene-politique-2\/\">RETOUR ANNONCE DE LAURENT GBAGBO DANS L\u2019ARENE POLITIQUE<\/a> est apparu en premier sur <a rel=\"nofollow\" href=\"https:\/\/lepays.bf\/\">Editions Le Pays<\/a>.<\/p>\n<\/div>\n<p>Auteur: Editions LEPAYS<br \/>\n<a href=\"https:\/\/lepays.bf\/retour-annonce-de-laurent-gbagbo-dans-larene-politique-2\/\">Cliquez ici pour lire l&rsquo;article depuis sa source.<\/a><\/p>\n","protected":false},"excerpt":{"rendered":"<p>En visite dans son village de Mama quelque dix jours apr\u00e8s son retour triomphal au bercail, l\u2019ex-pr\u00e9sident ivoirien, Laurent Gbagbo, n\u2019a pas manqu\u00e9 d\u2019anecdotes \u00e0 raconter \u00e0 ses \u00ab\u00a0parents\u00a0\u00bb concernant son transf\u00e8rement \u00e0 la Cour p\u00e9nale internationale (CPI) et\u00a0 son s\u00e9jour carc\u00e9ral \u00e0 La Haye. Au nombre de ces petits potins qui ont ponctu\u00e9 cette [&hellip;]<\/p>\n","protected":false},"author":1813,"featured_media":0,"comment_status":"closed","ping_status":"closed","sticky":false,"template":"","format":"standard","meta":{"fifu_image_url":"https:\/\/lepays.bf\/wp-content\/uploads\/2021\/06\/RETOUR-2.jpg","fifu_image_alt":"RETOUR ANNONCE DE LAURENT GBAGBO DANS L\u2019ARENE POLITIQUE","footnotes":""},"categories":[73,81],"tags":[],"class_list":["post-120002","post","type-post","status-publish","format-standard","hentry","category-actualite","category-burkina-faso"],"_links":{"self":[{"href":"https:\/\/linitiative.ca\/International\/wp-json\/wp\/v2\/posts\/120002","targetHints":{"allow":["GET"]}}],"collection":[{"href":"https:\/\/linitiative.ca\/International\/wp-json\/wp\/v2\/posts"}],"about":[{"href":"https:\/\/linitiative.ca\/International\/wp-json\/wp\/v2\/types\/post"}],"author":[{"embeddable":true,"href":"https:\/\/linitiative.ca\/International\/wp-json\/wp\/v2\/users\/1813"}],"replies":[{"embeddable":true,"href":"https:\/\/linitiative.ca\/International\/wp-json\/wp\/v2\/comments?post=120002"}],"version-history":[{"count":0,"href":"https:\/\/linitiative.ca\/International\/wp-json\/wp\/v2\/posts\/120002\/revisions"}],"wp:attachment":[{"href":"https:\/\/linitiative.ca\/International\/wp-json\/wp\/v2\/media?parent=120002"}],"wp:term":[{"taxonomy":"category","embeddable":true,"href":"https:\/\/linitiative.ca\/International\/wp-json\/wp\/v2\/categories?post=120002"},{"taxonomy":"post_tag","embeddable":true,"href":"https:\/\/linitiative.ca\/International\/wp-json\/wp\/v2\/tags?post=120002"}],"curies":[{"name":"wp","href":"https:\/\/api.w.org\/{rel}","templated":true}]}}