{"id":120004,"date":"2021-06-30T16:15:05","date_gmt":"2021-06-30T20:15:05","guid":{"rendered":"https:\/\/linitiative.ca\/International\/remaniement-ministeriel-au-burkina-faso\/"},"modified":"2021-06-30T16:15:05","modified_gmt":"2021-06-30T20:15:05","slug":"remaniement-ministeriel-au-burkina-faso","status":"publish","type":"post","link":"https:\/\/linitiative.ca\/International\/remaniement-ministeriel-au-burkina-faso\/","title":{"rendered":"REMANIEMENT MINISTERIEL\u00a0AU BURKINA FASO"},"content":{"rendered":"<div>\n<p><img decoding=\"async\" width=\"749\" height=\"414\" src=\"https:\/\/linitiative.ca\/International\/wp-content\/uploads\/sites\/23\/2021\/06\/roch-twitter.jpg\" class=\"attachment- size- wp-post-image\" alt=\"\" loading=\"lazy\" style=\"float:left; margin:0 15px 15px 0;\" srcset=\"https:\/\/linitiative.ca\/International\/wp-content\/uploads\/sites\/23\/2021\/06\/roch-twitter.jpg 749w, https:\/\/lepays.bf\/wp-content\/uploads\/2021\/06\/roch-twitter-300x166.jpg 300w\" sizes=\"auto, (max-width: 749px) 100vw, 749px\">Le navire gouvernemental qui \u00e9tait en panne depuis mardi soir, va red\u00e9marrer pour compter de ce matin avec un nouvel \u00e9quipage, suite \u00e0 la nomination de nouveaux ministres intervenue la nuit derni\u00e8re. Le pr\u00e9sident du Faso l\u2019avait d\u00e9j\u00e0 annonc\u00e9 de mani\u00e8re sibylline lors de son adresse \u00e0 la Nation, et beaucoup de nos compatriotes pensaient \u2026<\/p>\n<p>L\u2019article <a rel=\"nofollow\" href=\"https:\/\/lepays.bf\/remaniement-ministeriel-au-burkina-faso\/\">REMANIEMENT MINISTERIEL\u00a0AU BURKINA FASO<\/a> est apparu en premier sur <a rel=\"nofollow\" href=\"https:\/\/lepays.bf\/\">Editions Le Pays<\/a>.<\/p>\n<\/div>\n<p>Auteur: Editions LEPAYS<br \/>\n<a href=\"https:\/\/lepays.bf\/remaniement-ministeriel-au-burkina-faso\/\">Cliquez ici pour lire l&rsquo;article depuis sa source.<\/a><\/p>\n","protected":false},"excerpt":{"rendered":"<p>Le navire gouvernemental qui \u00e9tait en panne depuis mardi soir, va red\u00e9marrer pour compter de ce matin avec un nouvel \u00e9quipage, suite \u00e0 la nomination de nouveaux ministres intervenue la nuit derni\u00e8re. Le pr\u00e9sident du Faso l\u2019avait d\u00e9j\u00e0 annonc\u00e9 de mani\u00e8re sibylline lors de son adresse \u00e0 la Nation, et beaucoup de nos compatriotes pensaient [&hellip;]<\/p>\n","protected":false},"author":1813,"featured_media":0,"comment_status":"closed","ping_status":"closed","sticky":false,"template":"","format":"standard","meta":{"fifu_image_url":"https:\/\/lepays.bf\/wp-content\/uploads\/2021\/06\/roch-twitter.jpg","fifu_image_alt":"REMANIEMENT MINISTERIEL\u00a0AU BURKINA FASO","footnotes":""},"categories":[73,81],"tags":[],"class_list":["post-120004","post","type-post","status-publish","format-standard","hentry","category-actualite","category-burkina-faso"],"_links":{"self":[{"href":"https:\/\/linitiative.ca\/International\/wp-json\/wp\/v2\/posts\/120004","targetHints":{"allow":["GET"]}}],"collection":[{"href":"https:\/\/linitiative.ca\/International\/wp-json\/wp\/v2\/posts"}],"about":[{"href":"https:\/\/linitiative.ca\/International\/wp-json\/wp\/v2\/types\/post"}],"author":[{"embeddable":true,"href":"https:\/\/linitiative.ca\/International\/wp-json\/wp\/v2\/users\/1813"}],"replies":[{"embeddable":true,"href":"https:\/\/linitiative.ca\/International\/wp-json\/wp\/v2\/comments?post=120004"}],"version-history":[{"count":0,"href":"https:\/\/linitiative.ca\/International\/wp-json\/wp\/v2\/posts\/120004\/revisions"}],"wp:attachment":[{"href":"https:\/\/linitiative.ca\/International\/wp-json\/wp\/v2\/media?parent=120004"}],"wp:term":[{"taxonomy":"category","embeddable":true,"href":"https:\/\/linitiative.ca\/International\/wp-json\/wp\/v2\/categories?post=120004"},{"taxonomy":"post_tag","embeddable":true,"href":"https:\/\/linitiative.ca\/International\/wp-json\/wp\/v2\/tags?post=120004"}],"curies":[{"name":"wp","href":"https:\/\/api.w.org\/{rel}","templated":true}]}}