{"id":120006,"date":"2021-06-30T17:15:53","date_gmt":"2021-06-30T21:15:53","guid":{"rendered":"https:\/\/linitiative.ca\/International\/proclamation-des-resultats-du-bepc-les-uns-jubilent-les-autres-pleurent\/"},"modified":"2021-06-30T17:15:53","modified_gmt":"2021-06-30T21:15:53","slug":"proclamation-des-resultats-du-bepc-les-uns-jubilent-les-autres-pleurent","status":"publish","type":"post","link":"https:\/\/linitiative.ca\/International\/proclamation-des-resultats-du-bepc-les-uns-jubilent-les-autres-pleurent\/","title":{"rendered":"Proclamation des r\u00e9sultats du BEPC : les uns jubilent, les autres pleurent"},"content":{"rendered":"<div>\n<p><strong>La proclamation des r\u00e9sultats du Brevet d\u2019\u00e9tudes du premier cycle (BEPC) a eu lieu, le mercredi 30 juin 2021, sur toute l\u2019\u00e9tendue du territoire national. Au lyc\u00e9e Marien-N\u2019Gouabi \u00e0 Ouagadougou, la joie et la tristesse \u00e9taient au rendez-vous.<\/strong><\/p>\n<p>La journ\u00e9e du mercredi 30 juin 2021 \u00e9tait particuli\u00e8re au lyc\u00e9e Marien-N\u2019Gouabi de Ouagadougou. Les candidats au BEPC ont pris d\u2019assaut le lyc\u00e9e pour \u00eatre des t\u00e9moins oculaires de la proclamation des r\u00e9sultats. Les mines graves, les regards tourn\u00e9s vers les membres du jury, les candidats attendent avec impatience les r\u00e9sultats. Mais quand le verdict commence \u00e0 tomber, tout change. Dans le jury N\u00b033 du lyc\u00e9e Marien-N\u2019Gouabi, tr\u00e8s vite, le calme fait place \u00e0 des cris de joie ou de tristesse.<\/p>\n<p>Gr\u00e2ce Aur\u00e9lie Diarra, \u00e9l\u00e8ve du coll\u00e8ge priv\u00e9 Wendmanegeda, fait partie des candidats qui ont r\u00e9ussi \u00e0 d\u00e9crocher leur BEPC. Pour elle, son succ\u00e8s ne l\u2019\u00e9tonne pas, puisqu\u2019elle s\u2019est bien d\u00e9fendue lors de la composition. \u00ab Je suis tr\u00e8s contente de mes r\u00e9sultats. Je suis fi\u00e8re de moi, car au cours de l\u2019ann\u00e9e scolaire, j\u2019ai rencontr\u00e9 beaucoup de difficult\u00e9s li\u00e9es au fait que j\u2019avais des probl\u00e8mes en math\u00e9matiques \u00bb, relate-t-elle. Elle a aussi salu\u00e9 l\u2019aide de ses professeurs, qui ont contribu\u00e9 \u00e0 sa r\u00e9ussite.<\/p>\n<p>\u00ab Aujourd\u2019hui, je suis accompagn\u00e9e par ma m\u00e8re et elle est plus contente que moi. Je remercie mes parents qui ont toujours eu confiance en moi malgr\u00e9 mes notes de classe. A un certain moment, j\u2019ai eu peur \u00e0 cause des perturbations, mais par la gr\u00e2ce de Dieu tout s\u2019est bien pass\u00e9 \u00bb, ajoute l\u2019\u00e9l\u00e8ve Diarra. Le BEPC aussi en poche, Landry Claver Koama, \u00e9l\u00e8ve du coll\u00e8ge \u00ab Les Gr\u00e2ces \u00bb de Gounghin-Nord n\u2019\u00e9tait pas s\u00fbr de son succ\u00e8s. \u00ab Ce matin en venant pour les r\u00e9sultats, j\u2019avais tr\u00e8s peur.<\/p>\n<p>Mais mon grand fr\u00e8re qui m\u2019a accompagn\u00e9 m\u2019a dit que peu importe les r\u00e9sultats, de ne pas me d\u00e9courager. Cela m\u2019a donn\u00e9 du courage. C\u2019est gr\u00e2ce \u00e0 lui que j\u2019ai eu mon examen \u00bb, t\u00e9moigne-t-il. Pour lui, les \u00e9preuves \u00e9taient abordables dans l\u2019ensemble, m\u00eame si dans son \u00e9tablissement, ils ont fait plusieurs semaines sans faire cours \u00e0 cause des gr\u00e8ves. \u00ab Je compte faire la s\u00e9rie D parce que j\u2019aime les math\u00e9matiques et la physique-<br \/>\nchimie \u00bb, fait-il savoir. Au lyc\u00e9e Marien-N\u2019Gouabi, le succ\u00e8s n\u2019\u00e9tait pas au rendez-vous pour tous les candidats.<\/p>\n<h3>\u00ab Je vais me pr\u00e9parer pour le second tour\u2026 \u00bb<\/h3>\n<figure id=\"attachment_37082\" aria-describedby=\"caption-attachment-37082\" style=\"width: 300px\" class=\"wp-caption alignleft\"><img decoding=\"async\" loading=\"lazy\" class=\"size-medium wp-image-37082\" src=\"https:\/\/linitiative.ca\/International\/wp-content\/uploads\/sites\/23\/2021\/06\/bpc-300x225-1.jpg\" alt=\"\" width=\"300\" height=\"225\" srcset=\"https:\/\/linitiative.ca\/International\/wp-content\/uploads\/sites\/23\/2021\/06\/bpc-300x225-1.jpg 300w, https:\/\/www.sidwaya.info\/wp-content\/uploads\/2021\/06\/bpc-768x576.jpg 768w, https:\/\/www.sidwaya.info\/wp-content\/uploads\/2021\/06\/bpc-150x112.jpg 150w, https:\/\/www.sidwaya.info\/wp-content\/uploads\/2021\/06\/bpc-696x522.jpg 696w, https:\/\/www.sidwaya.info\/wp-content\/uploads\/2021\/06\/bpc-560x420.jpg 560w, https:\/\/www.sidwaya.info\/wp-content\/uploads\/2021\/06\/bpc-80x60.jpg 80w, https:\/\/www.sidwaya.info\/wp-content\/uploads\/2021\/06\/bpc-265x198.jpg 265w, https:\/\/www.sidwaya.info\/wp-content\/uploads\/2021\/06\/bpc.jpg 787w\" sizes=\"auto, (max-width: 300px) 100vw, 300px\"><figcaption id=\"caption-attachment-37082\" class=\"wp-caption-text\">Gr\u00e2ce Aur\u00e9lie Diarra, \u00e9l\u00e8ve du coll\u00e8ge priv\u00e9 Wendmanegeda : \u00ab mon succ\u00e8s ne m\u2019\u00e9tonne pas \u00bb.<\/figcaption><\/figure>\n<p>Sakinatou Kabr\u00e9, candidate admissible pour le second tour, ne perd pas espoir, car pour elle, la \u00ab bataille \u00bb n\u2019est pas encore perdue. Elle dit \u00eatre un peu d\u00e9\u00e7ue, car elle aurait voulu d\u00e9crocher cet examen au premier tour. N\u00e9anmoins, elle reste sereine. \u00ab Je vais me pr\u00e9parer pour le second tour et revenir avec plus de force. Pour moi, ce r\u00e9sultat, c\u2019est aussi la volont\u00e9 de Dieu \u00bb, affirme la candidate. Par ailleurs, elle encourage tous les candidats du second tour \u00e0 s\u2019armer de courage. \u00ab A ceux qui n\u2019ont pas r\u00e9ussi cet examen, qu\u2019ils soient forts, car le meilleur reste \u00e0 venir \u00bb, dit-elle.<\/p>\n<p>Pour Yvette Kafando, candidate libre, cela fait plus d\u2019une dizaine d\u2019ann\u00e9es qu\u2019elle a arr\u00eat\u00e9 les \u00e9tudes pour des raisons de sant\u00e9. \u00ab Cette ann\u00e9e J\u2019ai d\u00e9cid\u00e9 de me pr\u00e9senter en tant que candidate libre. Je suis admissible pour le second tour, mais je ne me d\u00e9courage pas, car je vais plus m\u2019appliquer pour ces \u00e9preuves \u00bb, affirme celle qui dit avoir des difficult\u00e9s en math\u00e9matiques. Salia Kon\u00e9, qui est venu pour les r\u00e9sultats de son enfant retourne avec une grande joie au vu des r\u00e9sultats de son fils.<\/p>\n<p>Pour lui, c\u2019est une fiert\u00e9 de voir son enfant r\u00e9ussir \u00e0 un examen. \u00ab J\u2019ai mis les moyens pour en arriver \u00e0 ce r\u00e9sultat. Depuis les vacances derni\u00e8res au regard de ses insuffisances, je lui ai trouv\u00e9 un r\u00e9p\u00e9titeur afin de le pr\u00e9parer \u00e0 affronter la classe de 3e \u00bb, rapporte-t-il. Par ailleurs il invite tous les parents d\u2019\u00e9l\u00e8ves \u00e0 faire comme lui, car l\u2019\u00e9ducation scolaire de nos enfants, ne revient pas seulement aux encadreurs, mais aux parents qui ont aussi un r\u00f4le majeur \u00e0 jouer.<\/p>\n<p>\u00ab En tant qu\u2019enseignant, je reconnais que certains parents, ont d\u00e9missionn\u00e9 devant la responsabilit\u00e9 de l\u2019\u00e9ducation de leurs enfants \u00bb, regrette-t-il. A entendre le vice-pr\u00e9sident du jury 32, Anathase Niki\u00e8ma, les r\u00e9sultats de cette ann\u00e9e ne sont pas satisfaisants. \u00ab Mon jury est \u00e0 15% de taux de succ\u00e8s, pour le premier tour. Nous avons eu 66 admis et 157 au second tour \u00bb, confie-t-il.<\/p>\n<p>Le second tour aura lieu, le samedi 3 juillet prochain. Selon lui, il y a eu quelques petits probl\u00e8mes pour les corrections, car des correcteurs sont venus avec un petit retard, mais finalement, ils ont \u00e9t\u00e9 au rendez-vous pour la d\u00e9lib\u00e9ration.<br \/>\nIl affirme que le taux de succ\u00e8s de cette ann\u00e9e est minime et que des questions m\u00e9ritent d\u2019\u00eatre pos\u00e9es pour trouver des solutions. \u00ab Nous d\u00e9plorons surtout la qualit\u00e9 des candidats. Nous avons l\u2019impression que le travail dans certains \u00e9tablissements ne semble pas tr\u00e8s effectif \u00bb, fait-il savoir.<\/p>\n<p style=\"text-align: right\"><strong>Sidwaya Ida OUEDRAOGO<\/strong><br \/>\n(Stagiaire)<\/p>\n<p>L\u2019article <a rel=\"nofollow\" href=\"https:\/\/www.sidwaya.info\/blog\/2021\/06\/30\/proclamation-des-resultats-du-bepc-les-uns-jubilent-les-autres-pleurent\/\">Proclamation des r\u00e9sultats du BEPC : les uns jubilent, les autres pleurent<\/a> est apparu en premier sur <a rel=\"nofollow\" href=\"https:\/\/www.sidwaya.info\/\">Quotidien Sidwaya<\/a>.<\/p>\n<\/div>\n<p>Auteur: JK. Sidwaya<br \/>\n<a href=\"https:\/\/www.sidwaya.info\/blog\/2021\/06\/30\/proclamation-des-resultats-du-bepc-les-uns-jubilent-les-autres-pleurent\/\">Cliquez ici pour lire l&rsquo;article depuis sa source.<\/a><\/p>\n","protected":false},"excerpt":{"rendered":"<p>La proclamation des r\u00e9sultats du Brevet d\u2019\u00e9tudes du premier cycle (BEPC) a eu lieu, le mercredi 30 juin 2021, sur toute l\u2019\u00e9tendue du territoire national. Au lyc\u00e9e Marien-N\u2019Gouabi \u00e0 Ouagadougou, la joie et la tristesse \u00e9taient au rendez-vous. La journ\u00e9e du mercredi 30 juin 2021 \u00e9tait particuli\u00e8re au lyc\u00e9e Marien-N\u2019Gouabi de Ouagadougou. Les candidats au [&hellip;]<\/p>\n","protected":false},"author":1816,"featured_media":0,"comment_status":"closed","ping_status":"closed","sticky":false,"template":"","format":"standard","meta":{"fifu_image_url":"https:\/\/www.sidwaya.info\/wp-content\/uploads\/2021\/06\/bpc-300x225.jpg","fifu_image_alt":"Proclamation des r\u00e9sultats du BEPC : les uns jubilent, les autres pleurent","footnotes":""},"categories":[73,81],"tags":[],"class_list":["post-120006","post","type-post","status-publish","format-standard","hentry","category-actualite","category-burkina-faso"],"_links":{"self":[{"href":"https:\/\/linitiative.ca\/International\/wp-json\/wp\/v2\/posts\/120006","targetHints":{"allow":["GET"]}}],"collection":[{"href":"https:\/\/linitiative.ca\/International\/wp-json\/wp\/v2\/posts"}],"about":[{"href":"https:\/\/linitiative.ca\/International\/wp-json\/wp\/v2\/types\/post"}],"author":[{"embeddable":true,"href":"https:\/\/linitiative.ca\/International\/wp-json\/wp\/v2\/users\/1816"}],"replies":[{"embeddable":true,"href":"https:\/\/linitiative.ca\/International\/wp-json\/wp\/v2\/comments?post=120006"}],"version-history":[{"count":0,"href":"https:\/\/linitiative.ca\/International\/wp-json\/wp\/v2\/posts\/120006\/revisions"}],"wp:attachment":[{"href":"https:\/\/linitiative.ca\/International\/wp-json\/wp\/v2\/media?parent=120006"}],"wp:term":[{"taxonomy":"category","embeddable":true,"href":"https:\/\/linitiative.ca\/International\/wp-json\/wp\/v2\/categories?post=120006"},{"taxonomy":"post_tag","embeddable":true,"href":"https:\/\/linitiative.ca\/International\/wp-json\/wp\/v2\/tags?post=120006"}],"curies":[{"name":"wp","href":"https:\/\/api.w.org\/{rel}","templated":true}]}}