{"id":120008,"date":"2021-06-30T17:20:11","date_gmt":"2021-06-30T21:20:11","guid":{"rendered":"https:\/\/linitiative.ca\/International\/marches-contre-la-gestion-de-la-crise-securitaire-une-recuperation-politique-selon-une-coalition-dassociations\/"},"modified":"2021-06-30T17:20:11","modified_gmt":"2021-06-30T21:20:11","slug":"marches-contre-la-gestion-de-la-crise-securitaire-une-recuperation-politique-selon-une-coalition-dassociations","status":"publish","type":"post","link":"https:\/\/linitiative.ca\/International\/marches-contre-la-gestion-de-la-crise-securitaire-une-recuperation-politique-selon-une-coalition-dassociations\/","title":{"rendered":"Marches contre la gestion  de la crise s\u00e9curitaire : une \u00ab r\u00e9cup\u00e9ration politique \u00bb, selon une coalition d\u2019associations"},"content":{"rendered":"<div>\n<p><strong>La Coalition des leaders associatifs du Burkina (COLAB) a anim\u00e9, le dimanche 27 juin 2021, \u00e0 Fada N\u2019Gourma, une conf\u00e9rence publique sur la situation nationale marqu\u00e9e, notamment, par la recrudescence des attaques terroristes. Elle a appel\u00e9 les populations \u00e0 la vigilance face \u00ab aux tentatives de r\u00e9cup\u00e9ration politique \u00bb.<\/strong><\/p>\n<p>Au lendemain des r\u00e9cents \u00e9v\u00e8nements tragiques \u00e0 Solhan dans le Sahel et sur l\u2019axe Barsalogho-Foub\u00e9 dans le Centre-Nord, la Coalition des leaders associatifs du Burkina (COLAB) a entam\u00e9 une tourn\u00e9e r\u00e9gionale pour traduire sa compassion aux populations et appeler \u00e0 faire bloc derri\u00e8re le gouvernement, les Forces de d\u00e9fense et de s\u00e9curit\u00e9 (FDS) et les Volontaires pour la d\u00e9fense de la patrie (VDP). Ainsi, apr\u00e8s Dori dans la r\u00e9gion du Sahel, la d\u00e9l\u00e9gation s\u2019est rendue, le dimanche 27 juin 2021, \u00e0 Fada N\u2019Gourma, chef-lieu de la r\u00e9gion de l\u2019Est, o\u00f9 elle a anim\u00e9 une conf\u00e9rence publique sur la situation nationale marqu\u00e9e par la recrudescence des attaques terroristes.<\/p>\n<p>Dans une salle bond\u00e9e, elle a \u00e9chang\u00e9, \u00e0 b\u00e2tons rompus, avec des jeunes, des femmes et des personnes de troisi\u00e8me \u00e2ge, tous r\u00e9unis, sur les enjeux s\u00e9curitaires et leur r\u00f4le dans la qu\u00eate de la paix et la stabilit\u00e9. Selon le coordonnateur de la COLAB, Passamd\u00e9 Sawadogo dit Oc\u00e9an, c\u2019est en agissant \u00e0 l\u2019unisson que les Burkinab\u00e8 viendront \u00e0 bout de l\u2019hydre terroriste.<\/p>\n<p>\u00ab Nous devons dans cette adversit\u00e9 rester solidaires avec les victimes, les FDS et les VDP et demeurer unis autour de la m\u00e8re patrie \u00bb, a-t-il soutenu. A l\u2019entendre, les Burkinab\u00e8 doivent s\u2019inspirer de leurs devanciers qui ont r\u00e9ussi \u00e0 relever de grands d\u00e9fis avec brio pendant la p\u00e9riode coloniale, notamment. Cela se traduit, d\u2019apr\u00e8s lui, par une r\u00e9silience des populations face \u00e0 l\u2019adversit\u00e9. Pour le point focal de la COLAB \u00e0 Fada N\u2019Gourma, Alidou Ma\u00efga, l\u2019objectif des terroristes est de provoquer une r\u00e9volte populaire contre le r\u00e9gime en place. Et de marteler qu\u2019il n\u2019est pas question de c\u00e9der.<\/p>\n<p>Par ailleurs, l\u2019artiste Ocean a lanc\u00e9 un appel aux Burkinab\u00e8 \u00e0 redoubler de vigilance face \u00e0 ce qu\u2019il a qualifi\u00e9 de \u00ab tentatives de r\u00e9cup\u00e9ration et de manipulation politiques \u00bb avec en toile de fonds les marches de protestation contre la gestion de la crise s\u00e9curitaire. Bien au contraire, en pareilles circonstances, le \u00ab Rastaman \u00bb a estim\u00e9 que les Burkinab\u00e8, quelles que soient leurs appartenances ethnique, politique et religieuse, doivent se donner la main pour sauver l\u2019essentiel.<\/p>\n<p>\u00ab Ne nous laissons pas manipuler par des gens qui viennent de perdre des \u00e9lections et qui croient que les attaques sont des opportunit\u00e9s pour eux de parvenir \u00e0 la direction politique du pays \u00bb, a-t-il l\u00e2ch\u00e9. Pour Moussa Thiombiano dit Django, le probl\u00e8me que vit le pays ces derni\u00e8res ann\u00e9es n\u00e9cessite l\u2019implication de tous les acteurs dans sa r\u00e9solution. En outre, l\u2019artiste Oc\u00e9an a annonc\u00e9 que la COLAB va plaider aupr\u00e8s des autorit\u00e9s pour l\u2019institution d\u2019une subvention au profit des associations et des OSC afin de leur permettre d\u2019exercer en toute ind\u00e9pendance le r\u00f4le qui leur est d\u00e9volu.<\/p>\n<p style=\"text-align: right\"><strong>Joanny SOW<\/strong><\/p>\n<p>L\u2019article <a rel=\"nofollow\" href=\"https:\/\/www.sidwaya.info\/blog\/2021\/06\/30\/marches-contre-la-gestion-de-la-crise-securitaire-une-recuperation-politique-selon-une-coalition-dassociations\/\">Marches contre la gestion  de la crise s\u00e9curitaire : une \u00ab r\u00e9cup\u00e9ration politique \u00bb, selon une coalition d\u2019associations<\/a> est apparu en premier sur <a rel=\"nofollow\" href=\"https:\/\/www.sidwaya.info\/\">Quotidien Sidwaya<\/a>.<\/p>\n<\/div>\n<p>Auteur: JK. Sidwaya<br \/>\n<a href=\"https:\/\/www.sidwaya.info\/blog\/2021\/06\/30\/marches-contre-la-gestion-de-la-crise-securitaire-une-recuperation-politique-selon-une-coalition-dassociations\/\">Cliquez ici pour lire l&rsquo;article depuis sa source.<\/a><\/p>\n","protected":false},"excerpt":{"rendered":"<p>La Coalition des leaders associatifs du Burkina (COLAB) a anim\u00e9, le dimanche 27 juin 2021, \u00e0 Fada N\u2019Gourma, une conf\u00e9rence publique sur la situation nationale marqu\u00e9e, notamment, par la recrudescence des attaques terroristes. Elle a appel\u00e9 les populations \u00e0 la vigilance face \u00ab aux tentatives de r\u00e9cup\u00e9ration politique \u00bb. Au lendemain des r\u00e9cents \u00e9v\u00e8nements tragiques [&hellip;]<\/p>\n","protected":false},"author":1816,"featured_media":0,"comment_status":"closed","ping_status":"closed","sticky":false,"template":"","format":"standard","meta":{"fifu_image_url":"","fifu_image_alt":"","footnotes":""},"categories":[73,81],"tags":[],"class_list":["post-120008","post","type-post","status-publish","format-standard","hentry","category-actualite","category-burkina-faso"],"_links":{"self":[{"href":"https:\/\/linitiative.ca\/International\/wp-json\/wp\/v2\/posts\/120008","targetHints":{"allow":["GET"]}}],"collection":[{"href":"https:\/\/linitiative.ca\/International\/wp-json\/wp\/v2\/posts"}],"about":[{"href":"https:\/\/linitiative.ca\/International\/wp-json\/wp\/v2\/types\/post"}],"author":[{"embeddable":true,"href":"https:\/\/linitiative.ca\/International\/wp-json\/wp\/v2\/users\/1816"}],"replies":[{"embeddable":true,"href":"https:\/\/linitiative.ca\/International\/wp-json\/wp\/v2\/comments?post=120008"}],"version-history":[{"count":0,"href":"https:\/\/linitiative.ca\/International\/wp-json\/wp\/v2\/posts\/120008\/revisions"}],"wp:attachment":[{"href":"https:\/\/linitiative.ca\/International\/wp-json\/wp\/v2\/media?parent=120008"}],"wp:term":[{"taxonomy":"category","embeddable":true,"href":"https:\/\/linitiative.ca\/International\/wp-json\/wp\/v2\/categories?post=120008"},{"taxonomy":"post_tag","embeddable":true,"href":"https:\/\/linitiative.ca\/International\/wp-json\/wp\/v2\/tags?post=120008"}],"curies":[{"name":"wp","href":"https:\/\/api.w.org\/{rel}","templated":true}]}}