{"id":120009,"date":"2021-06-30T17:26:29","date_gmt":"2021-06-30T21:26:29","guid":{"rendered":"https:\/\/linitiative.ca\/International\/resilience-des-communautes-au-burkina-faso-le-pnud-sengage-dans-la-prevention-de-lextremisme-violent\/"},"modified":"2021-06-30T17:26:29","modified_gmt":"2021-06-30T21:26:29","slug":"resilience-des-communautes-au-burkina-faso-le-pnud-sengage-dans-la-prevention-de-lextremisme-violent","status":"publish","type":"post","link":"https:\/\/linitiative.ca\/International\/resilience-des-communautes-au-burkina-faso-le-pnud-sengage-dans-la-prevention-de-lextremisme-violent\/","title":{"rendered":"R\u00e9silience des communaut\u00e9s au Burkina Faso: le PNUD s\u2019engage dans la pr\u00e9vention de l\u2019extr\u00e9misme violent"},"content":{"rendered":"<div>\n<p><strong>Le Programme des Nations unies pour le d\u00e9veloppement a organis\u00e9 un atelier-bilan de la mise en \u0153uvre du projet \u00ab pr\u00e9vention de l\u2019extr\u00e9misme violent par la r\u00e9silience des communaut\u00e9s au Burkina Faso \u00bb, le mardi 29juin 2021, \u00e0 Ouagadougou.<\/strong><\/p>\n<p>Le Burkina Faso, \u00e0 l\u2019instar de nombreux pays de la r\u00e9gion du Sahel est confront\u00e9 \u00e0 des crises socio\u00e9conomiques depuis 2015. Ces crises qui se manifestent par une multiplication des attaques terroristes et des conflits communautaires sur l\u2019\u00e9tendue du territoire et particuli\u00e8rement dans les r\u00e9gions de l\u2019Est et du Centre-Nord font des victimes et engendrent un d\u00e9placement massif des populations. C\u2019est dans cette logique que le Programme des Nations unies pour le d\u00e9veloppement (PNUD), dans le cadre de son appui au Burkina Faso, a initi\u00e9 le projet : \u00ab Pr\u00e9vention de l\u2019extr\u00e9misme violent par la r\u00e9silience des communaut\u00e9s au Burkina Faso \u00bb dans les r\u00e9gions de l\u2019Est et du Centre-Nord.<\/p>\n<p>A cet effet, un atelier a \u00e9t\u00e9 organis\u00e9 pour pr\u00e9senter le bilan du projet, le mardi 29 juin 2021, \u00e0 Ouagadougou. Pour le repr\u00e9sentant-r\u00e9sident du PNUD au Burkina Faso, Mathieu Ciowela, le projet initi\u00e9 depuis 2020 avec l\u2019appui financier du Japon, a contribu\u00e9 \u00e0 la stabilisation des moyens d\u2019existence des populations vuln\u00e9rables, en particulier les femmes et les jeunes, les personnes d\u00e9plac\u00e9es internes. Il a aussi renforc\u00e9 leur r\u00e9silience et la pr\u00e9vention de l\u2019extr\u00e9misme violent.<\/p>\n<p>\u00ab Le projet a permis ainsi d\u2019atteindre des r\u00e9sultats probants en r\u00e9ponse aux besoins des populations vuln\u00e9rables, notamment les jeunes filles et gar\u00e7ons et les femmes \u00bb, a-t-il pr\u00e9cis\u00e9. Il a expliqu\u00e9 que parmi les 1000 jeunes b\u00e9n\u00e9ficiaires, il y a 70% de jeunes filles, de 18 \u00e0 35 ans form\u00e9es en cr\u00e9ation et gestion de microentreprises, 500 de ces jeunes ont b\u00e9n\u00e9fici\u00e9 de kits et subventions pour d\u00e9marrer des activit\u00e9s g\u00e9n\u00e9ratrices de revenus, cr\u00e9ant ainsi des emplois r\u00e9mun\u00e9rateurs pour eux-m\u00eames et pour d\u2019autre jeunes.<\/p>\n<h3>Autonomisation \u00e9conomique<\/h3>\n<p>La mise en \u0153uvre de ce projet a \u00e9t\u00e9 possible dans les deux r\u00e9gions b\u00e9n\u00e9ficiaires gr\u00e2ce aux dynamismes des partenaires d\u2019ex\u00e9cution que sont l\u2019OCADES et l\u2019ATAD. \u00ab C\u2019est une fiert\u00e9 de savoir que ce projet conduira ou \u00e0 d\u00e9j\u00e0 conduit beaucoup des b\u00e9n\u00e9ficiaires \u00e0 une autonomisation \u00e9conomique r\u00e9elle \u00bb, a-t-il fait savoir.<br \/>\nA entendre une des b\u00e9n\u00e9ficiaires, Salom\u00e9 Komditamd\u00e9 de la r\u00e9gion de Centre-Nord, ce projet a permis \u00e0 l\u2019association \u00ab Sougoulimani \u00bb dont elle est membre d\u2019accro\u00eetre leurs revenus et d\u2019employer des personnes pour les aider dans les travaux. \u00abNous avons \u00e9t\u00e9 form\u00e9es dans la fabrication du savon liquide et en plus de cela, nous avons re\u00e7u une subvention \u00e0 hauteur d\u2019un million F CFA pour investir dans le jardinage. Actuellement, nous employons 5 personnes d\u00e9plac\u00e9es \u00bb, a-t-elle confirm\u00e9.<\/p>\n<p>Elle a expliqu\u00e9 que gr\u00e2ce \u00e0 ce projet, les femmes de l\u2019association sont \u00e9panouies et arrivent \u00e0 subvenir \u00e0 leurs besoins et ceux de leurs familles puisque la plupart d\u2019entre elles sont des veuves. Par ailleurs, elle a invit\u00e9 tous les b\u00e9n\u00e9ficiaires \u00e0 doubler d\u2019efforts et \u00e0 utiliser \u00e0 bon escient les financements qu\u2019ils ont re\u00e7us afin que les partenaires financiers et l\u2019ensemble de acteurs du projet soient fiers et pourquoi pas augmenter le portefeuille budg\u00e9taire.<\/p>\n<p style=\"text-align: right\"><strong>Sidwaya Ida OUEDRAOGO<\/strong><br \/>\n(Stagiaire)<\/p>\n<p>\u00a0<\/p>\n<p>L\u2019article <a rel=\"nofollow\" href=\"https:\/\/www.sidwaya.info\/blog\/2021\/06\/30\/resilience-des-communautes-au-burkina-faso-le-pnud-sengage-dans-la-prevention-de-lextremisme-violent\/\">R\u00e9silience des communaut\u00e9s au Burkina Faso: le PNUD s\u2019engage dans la pr\u00e9vention de l\u2019extr\u00e9misme violent<\/a> est apparu en premier sur <a rel=\"nofollow\" href=\"https:\/\/www.sidwaya.info\/\">Quotidien Sidwaya<\/a>.<\/p>\n<\/div>\n<p>Auteur: JK. Sidwaya<br \/>\n<a href=\"https:\/\/www.sidwaya.info\/blog\/2021\/06\/30\/resilience-des-communautes-au-burkina-faso-le-pnud-sengage-dans-la-prevention-de-lextremisme-violent\/\">Cliquez ici pour lire l&rsquo;article depuis sa source.<\/a><\/p>\n","protected":false},"excerpt":{"rendered":"<p>Le Programme des Nations unies pour le d\u00e9veloppement a organis\u00e9 un atelier-bilan de la mise en \u0153uvre du projet \u00ab pr\u00e9vention de l\u2019extr\u00e9misme violent par la r\u00e9silience des communaut\u00e9s au Burkina Faso \u00bb, le mardi 29juin 2021, \u00e0 Ouagadougou. Le Burkina Faso, \u00e0 l\u2019instar de nombreux pays de la r\u00e9gion du Sahel est confront\u00e9 \u00e0 [&hellip;]<\/p>\n","protected":false},"author":1816,"featured_media":0,"comment_status":"closed","ping_status":"closed","sticky":false,"template":"","format":"standard","meta":{"fifu_image_url":"","fifu_image_alt":"","footnotes":""},"categories":[73,81],"tags":[],"class_list":["post-120009","post","type-post","status-publish","format-standard","hentry","category-actualite","category-burkina-faso"],"_links":{"self":[{"href":"https:\/\/linitiative.ca\/International\/wp-json\/wp\/v2\/posts\/120009","targetHints":{"allow":["GET"]}}],"collection":[{"href":"https:\/\/linitiative.ca\/International\/wp-json\/wp\/v2\/posts"}],"about":[{"href":"https:\/\/linitiative.ca\/International\/wp-json\/wp\/v2\/types\/post"}],"author":[{"embeddable":true,"href":"https:\/\/linitiative.ca\/International\/wp-json\/wp\/v2\/users\/1816"}],"replies":[{"embeddable":true,"href":"https:\/\/linitiative.ca\/International\/wp-json\/wp\/v2\/comments?post=120009"}],"version-history":[{"count":0,"href":"https:\/\/linitiative.ca\/International\/wp-json\/wp\/v2\/posts\/120009\/revisions"}],"wp:attachment":[{"href":"https:\/\/linitiative.ca\/International\/wp-json\/wp\/v2\/media?parent=120009"}],"wp:term":[{"taxonomy":"category","embeddable":true,"href":"https:\/\/linitiative.ca\/International\/wp-json\/wp\/v2\/categories?post=120009"},{"taxonomy":"post_tag","embeddable":true,"href":"https:\/\/linitiative.ca\/International\/wp-json\/wp\/v2\/tags?post=120009"}],"curies":[{"name":"wp","href":"https:\/\/api.w.org\/{rel}","templated":true}]}}