{"id":120010,"date":"2021-06-30T17:31:28","date_gmt":"2021-06-30T21:31:28","guid":{"rendered":"https:\/\/linitiative.ca\/International\/secteur-energetique-au-burkina-faso-impliquer-le-prive-dans-le-developpement-de-loffre\/"},"modified":"2021-06-30T17:31:28","modified_gmt":"2021-06-30T21:31:28","slug":"secteur-energetique-au-burkina-faso-impliquer-le-prive-dans-le-developpement-de-loffre","status":"publish","type":"post","link":"https:\/\/linitiative.ca\/International\/secteur-energetique-au-burkina-faso-impliquer-le-prive-dans-le-developpement-de-loffre\/","title":{"rendered":"Secteur \u00e9nerg\u00e9tique au Burkina Faso : impliquer le priv\u00e9 dans le d\u00e9veloppement de l\u2019offre"},"content":{"rendered":"<div>\n<p><strong>Le ministre de l\u2019Energie, des Mines et des Carri\u00e8res, Dr Bachir Isma\u00ebl Ou\u00e9draogo, a ouvert un atelier d\u2019\u00e9changes avec le secteur priv\u00e9 national sur la vision du d\u00e9partement, les r\u00e9formes et les opportunit\u00e9s d\u2019affaires du secteur de l\u2019\u00e9nergie au Burkina Faso, le mardi 29 juin 2021, \u00e0 Ouagadougou.<\/strong><\/p>\n<p>Le Burkina Faso poss\u00e8de un \u00e9norme potentiel \u00e9nerg\u00e9tique notamment l\u2019\u00e9nergie solaire. Pour r\u00e9veiller ou transformer ce potentiel en un \u00e9l\u00e9ment r\u00e9el, le minist\u00e8re de l\u2019Energie, des Mines et des Carri\u00e8res a trouv\u00e9 n\u00e9cessaire de convier les acteurs priv\u00e9s du domaine, le mardi 29 juin 2021, \u00e0 Ouagadougou. A l\u2019ouverture du conclave qui a regroup\u00e9 plusieurs entreprises priv\u00e9es \u0153uvrant dans le secteur de l\u2019\u00e9nergie, le ministre Bachir Isma\u00ebl Ou\u00e9draogo s\u2019est dit d\u2019embl\u00e9e satisfait de leur mobilisation.<\/p>\n<p>Puis, il a traduit la vision du Pr\u00e9sident du Faso, Roch Marc Christian Kabor\u00e9, qui veut que l\u2019\u00e9nergie soit accessible \u00e0 toutes les couches sans distinction aucune au Burkina Faso. En substance, il a estim\u00e9 que le secteur de l\u2019\u00e9nergie est comme un \u00ab r\u00e9seau dormant \u00bb, un v\u00e9ritable potentiel que seul son d\u00e9partement ne peut exploiter. C\u2019est pourquoi, le ministre en charge de l\u2019\u00e9nergie, \u00e0 ses dires, a exprim\u00e9 toute la n\u00e9cessit\u00e9 d\u2019\u00e9changer avec les acteurs sur sa vision, les r\u00e9formes et les opportunit\u00e9s d\u2019affaires qui s\u2019offrent.<\/p>\n<p>Le ministre Ou\u00e9draogo a rappel\u00e9 aux repr\u00e9sentants du secteur priv\u00e9 et des banques, la crise r\u00e9gionale qui a durement frapp\u00e9 le secteur de l\u2019\u00e9nergie au Ghana, au S\u00e9n\u00e9gal, en C\u00f4te d\u2019Ivoire, au Nig\u00e9ria, etc. et qui s\u2019est r\u00e9pandue comme une tra\u00een\u00e9e de poudre sur le Burkina Faso. Face \u00e0 une telle situation, le ministre en charge de l\u2019\u00e9nergie s\u2019est appropri\u00e9 la sagesse qui dit que : \u00ab Lorsque l\u2019on dort sur la natte de quelqu\u2019un, l\u2019on dort \u00e0 terre \u00bb. Mais, aux intervenants de l\u2019univers de l\u2019\u00e9nergie au \u00ab pays des Hommes int\u00e8gres \u00bb, il a adress\u00e9 un message de profiter de cette r\u00e9union pour donner de sages conseils au d\u00e9partement en charge de l\u2019\u00e9nergie et d\u2019entreprendre des actions futures bien entendu en exploitant l\u2019existant.<\/p>\n<h3>\u00ab\u2026tirer le meilleur profit du boom solaire\u2026 \u00bb<\/h3>\n<p>Dr Bachir Isma\u00ebl Ou\u00e9draogo a brandi, dans ce sens, la loi 014 qui lib\u00e9ralise d\u00e9sormais le secteur de l\u2019\u00e9nergie au Burkina Faso, le meilleur ensoleillement dont dispose le pays par rapport \u00e0 la sous-r\u00e9gion, sa place de premier pays en Afrique de l\u2019Ouest dans l\u2019assemblage des panneaux solaires, sa r\u00e9ussite de l\u2019exp\u00e9rimentation des poteaux en b\u00e9tons, etc. \u00ab Le Burkina Faso est le champion de l\u2019\u00e9nergie solaire en Afrique de l\u2019Ouest et nous n\u2019avons pas moins de 500 MW d\u2019investissements solaires.<\/p>\n<p>Nous donnons la vision, les m\u00e9canismes et facilitons les choses, mais c\u2019est le secteur priv\u00e9 qui est dans la r\u00e9alisation. Il \u00e9tait de bon ton de se r\u00e9unir pour voir comment ce secteur va tirer le meilleur profit de ce boom solaire au Burkina Faso \u00bb, a-t-il indiqu\u00e9. Pour convaincre ses interlocuteurs du jour \u00e0 faire des efforts pour le plein d\u00e9veloppement de ce secteur, il a \u00e9voqu\u00e9 deux chiffres \u00ab importants \u00bb \u00e0 savoir \u00ab 12 154 kwh et 76 kwh \u00bb. Il a expliqu\u00e9 que le premier chiffre traduit la consommation moyenne annuelle par habitant aux Etats-Unis et le deuxi\u00e8me chiffre traduit celle du Burkina Faso.<\/p>\n<p>Toute chose, selon lui, qui montre que le \u00ab pays des Hommes int\u00e8gres \u00bb est \u00e0 la crois\u00e9e des chemins, mais peut tout de m\u00eame se r\u00e9jouir l\u00e9g\u00e8rement des taux de 18% et 45% respectivement d\u2019acc\u00e8s \u00e0 l\u2019\u00e9nergie en 2015 et 2020. Le secr\u00e9taire g\u00e9n\u00e9ral du minist\u00e8re en charge de l\u2019\u00e9nergie, Dr Souleymane Konat\u00e9, a foi que de ce conclave vont se d\u00e9gager des id\u00e9es claires pour un secteur \u00e9nerg\u00e9tique burkinab\u00e8 \u00e9panoui. \u00ab Merci \u00e0 vous acteurs et partenaires privil\u00e9gi\u00e9s du secteur de l\u2019\u00e9nergie au Burkina Faso d\u2019avoir r\u00e9pondu pr\u00e9sents \u00e0 cet atelier qui se veut un cadre d\u2019\u00e9changes entre vous et notre d\u00e9partement \u00bb, a-t-il lanc\u00e9 aux participants.<\/p>\n<p>Le repr\u00e9sentant de l\u2019association des professionnels des banques, St\u00e9phane Tapsoba a, pour sa part, traduit sa satisfaction de voir impliquer le secteur bancaire dans les \u00e9changes. Il s\u2019est dit conscient du r\u00f4le des banques dans la promotion \u00e9nerg\u00e9tique au Burkina Faso et a exprim\u00e9 l\u2019engagement de l\u2019association \u00e0 aller dans la dynamique \u00e0 travers les financements. Quant au repr\u00e9sentant du secteur priv\u00e9 national, Mathias Zoubga, il a fait comprendre que le service public sur le plan \u00e9nerg\u00e9tique ne saurait \u00eatre l\u2019apanage des pouvoirs publics de fa\u00e7on exclusive.<\/p>\n<p>En effet, il a souhait\u00e9 la p\u00e9rennisation de ce cadre de concertation entre tous les acteurs. Le Burkina Faso devrait donc se pr\u00e9parer \u00e0 en d\u00e9coudre avec les erreurs du pass\u00e9 en vue d\u2019utiliser \u00e0 bon escient les investissements \u00e0 venir qui seront capitalis\u00e9s sur le plan local. Des m\u00e9canismes devraient \u00eatre \u00e9galement mis en place pour accompagner les industries de l\u2019\u00e9nergie au Burkina Faso dans l\u2019optique d\u2019avoir l\u2019expertise locale.<\/p>\n<p style=\"text-align: right\"><strong>Boukary BONKOUNGOU<\/strong><\/p>\n<p>\u00a0<\/p>\n<p>L\u2019article <a rel=\"nofollow\" href=\"https:\/\/www.sidwaya.info\/blog\/2021\/06\/30\/secteur-energetique-au-burkina-faso-impliquer-le-prive-dans-le-developpement-de-loffre\/\">Secteur \u00e9nerg\u00e9tique au Burkina Faso : impliquer le priv\u00e9 dans le d\u00e9veloppement de l\u2019offre<\/a> est apparu en premier sur <a rel=\"nofollow\" href=\"https:\/\/www.sidwaya.info\/\">Quotidien Sidwaya<\/a>.<\/p>\n<\/div>\n<p>Auteur: JK. Sidwaya<br \/>\n<a href=\"https:\/\/www.sidwaya.info\/blog\/2021\/06\/30\/secteur-energetique-au-burkina-faso-impliquer-le-prive-dans-le-developpement-de-loffre\/\">Cliquez ici pour lire l&rsquo;article depuis sa source.<\/a><\/p>\n","protected":false},"excerpt":{"rendered":"<p>Le ministre de l\u2019Energie, des Mines et des Carri\u00e8res, Dr Bachir Isma\u00ebl Ou\u00e9draogo, a ouvert un atelier d\u2019\u00e9changes avec le secteur priv\u00e9 national sur la vision du d\u00e9partement, les r\u00e9formes et les opportunit\u00e9s d\u2019affaires du secteur de l\u2019\u00e9nergie au Burkina Faso, le mardi 29 juin 2021, \u00e0 Ouagadougou. Le Burkina Faso poss\u00e8de un \u00e9norme potentiel [&hellip;]<\/p>\n","protected":false},"author":1816,"featured_media":0,"comment_status":"closed","ping_status":"closed","sticky":false,"template":"","format":"standard","meta":{"fifu_image_url":"","fifu_image_alt":"","footnotes":""},"categories":[73,81],"tags":[],"class_list":["post-120010","post","type-post","status-publish","format-standard","hentry","category-actualite","category-burkina-faso"],"_links":{"self":[{"href":"https:\/\/linitiative.ca\/International\/wp-json\/wp\/v2\/posts\/120010","targetHints":{"allow":["GET"]}}],"collection":[{"href":"https:\/\/linitiative.ca\/International\/wp-json\/wp\/v2\/posts"}],"about":[{"href":"https:\/\/linitiative.ca\/International\/wp-json\/wp\/v2\/types\/post"}],"author":[{"embeddable":true,"href":"https:\/\/linitiative.ca\/International\/wp-json\/wp\/v2\/users\/1816"}],"replies":[{"embeddable":true,"href":"https:\/\/linitiative.ca\/International\/wp-json\/wp\/v2\/comments?post=120010"}],"version-history":[{"count":0,"href":"https:\/\/linitiative.ca\/International\/wp-json\/wp\/v2\/posts\/120010\/revisions"}],"wp:attachment":[{"href":"https:\/\/linitiative.ca\/International\/wp-json\/wp\/v2\/media?parent=120010"}],"wp:term":[{"taxonomy":"category","embeddable":true,"href":"https:\/\/linitiative.ca\/International\/wp-json\/wp\/v2\/categories?post=120010"},{"taxonomy":"post_tag","embeddable":true,"href":"https:\/\/linitiative.ca\/International\/wp-json\/wp\/v2\/tags?post=120010"}],"curies":[{"name":"wp","href":"https:\/\/api.w.org\/{rel}","templated":true}]}}