{"id":120015,"date":"2021-06-30T14:18:02","date_gmt":"2021-06-30T18:18:02","guid":{"rendered":"https:\/\/linitiative.ca\/International\/la-galere-des-candidats-au-test-de-larmee-ivoirienne\/"},"modified":"2021-06-30T14:18:02","modified_gmt":"2021-06-30T18:18:02","slug":"la-galere-des-candidats-au-test-de-larmee-ivoirienne","status":"publish","type":"post","link":"https:\/\/linitiative.ca\/International\/la-galere-des-candidats-au-test-de-larmee-ivoirienne\/","title":{"rendered":"La gal\u00e8re des candidats au test de l\u2019arm\u00e9e ivoirienne"},"content":{"rendered":"<div>\n<p><img loading=\"lazy\" decoding=\"async\" width=\"800\" height=\"533\" src=\"https:\/\/linitiative.ca\/International\/wp-content\/uploads\/sites\/23\/2021\/06\/16250770828813.jpg\" class=\"attachment-post-thumbnail size-post-thumbnail wp-post-image\" alt=\"\" srcset=\"https:\/\/linitiative.ca\/International\/wp-content\/uploads\/sites\/23\/2021\/06\/16250770828813.jpg 800w, https:\/\/www.journalducameroun.com\/wp-content\/uploads\/2021\/06\/16250770828813-300x200.jpg 300w, https:\/\/www.journalducameroun.com\/wp-content\/uploads\/2021\/06\/16250770828813-768x512.jpg 768w, https:\/\/www.journalducameroun.com\/wp-content\/uploads\/2021\/06\/16250770828813-660x440.jpg 660w, https:\/\/www.journalducameroun.com\/wp-content\/uploads\/2021\/06\/16250770828813-600x400.jpg 600w\" sizes=\"auto, (max-width: 800px) 100vw, 800px\"><\/p>\n<p>Devant l&rsquo;Etat-major g\u00e9n\u00e9ral des arm\u00e9es, \u00e0 Abidjan, des dizaines de candidats venus d\u00e9poser leur dossier pour le test de l&rsquo;arm\u00e9e et peinant \u00e0 faire partie du quota quotidien, veillent sur des lignes faisant office de rangs esp\u00e9rant se faire enr\u00f4ler.<\/p>\n<p>\u00ab\u00a0C&rsquo;est un peu difficile pour rentrer dans l&rsquo;arm\u00e9e\u00a0\u00bb, t\u00e9moigne Abdoul Soumahoro, 21 ans, qui d\u00e9couvre que le chemin pour se frayer une place au soleil dans la vie n&rsquo;est pas chose ais\u00e9e. \u00c0 ce stade de ses efforts, il l\u00e2che \u00ab\u00a0c&rsquo;est Dieu seul qui peut faire tout le reste\u00a0\u00bb.\u00a0<\/p>\n<p>\u00ab\u00a0Ils disent que c&rsquo;est fini pour aujourd&rsquo;hui, on doit repasser demain\u00a0\u00bb, dit-il, faisant allusion au quota de personnes \u00e0 recevoir par jour estim\u00e9 \u00e0 quelque 300 individus. Visiblement d\u00e9courag\u00e9, il prend son mal en patience pour revenir le lendemain.<\/p>\n<p>Depuis le lundi 28 juin 2021, \u00ab\u00a0nous sommes ici, sous la pluie et le soleil et le rang n&rsquo;avance pas. Vraiment, ce n&rsquo;est pas facile\u00a0\u00bb, clame Abdoul qui se dit \u00ab\u00a0d\u00e9termin\u00e9\u00a0\u00bb \u00e0 garder sa position jusqu&rsquo;au jour o\u00f9 ils vont accepter son dossier.<\/p>\n<p>Ange Yvan Coulibaly, la vingtaine, lui, vient de Mbatto, une cit\u00e9 de la R\u00e9gion du Moronou (Est ivoirien). Le lundi, il a quitt\u00e9 cette ville et occup\u00e9 cette journ\u00e9e \u00e0 r\u00e9unir tous les \u00e9l\u00e9ments de son dossier. Loin dans un rang d\u00e9fait, en d\u00e9but d&rsquo;apr\u00e8s-midi, il esp\u00e8re une prise de son dossier. \u00a0<\/p>\n<p>\u00c0 quelques encablures, Bamba Ladji (22 ans), semble moins loti. Il vient de Ti\u00e9ningbou\u00e9, une localit\u00e9 dans le centre-nord ivoirien, du ressort administratif de Mankono. Pr\u00e9sent sur les lieux depuis dimanche, \u00e0 3h, il n&rsquo;a toujours pu d\u00e9poser son dossier.\u00a0<\/p>\n<p>\u00ab\u00a0On nous fait reculer avec la matraque et ils prennent leurs prot\u00e9g\u00e9s qu&rsquo;ils mettent devant nous\u00a0\u00bb, rapporte-t-il tr\u00e8s amer. Avec son dossier envelopp\u00e9 dans un sachet plastique bleu pour le prot\u00e9ger de la pluie, il n&rsquo;a pas eu la chance de remettre ce dossier.<\/p>\n<p>\u00ab\u00a0Si Dieu fait gr\u00e2ce on y parviendra\u00a0\u00bb, affirme cependant Bamba Ladji qui dit aimer \u00ab\u00a0le corps de l&rsquo;arm\u00e9e depuis l&rsquo;\u00e2ge de 18 ans\u00a0\u00bb. Il cherchait l&rsquo;occasion, et voici une opportunit\u00e9 qui lui donne du fil \u00e0 retordre, mais d&rsquo;ici au 9 juillet 2021, la perche est toutefois \u00e0 sa port\u00e9e. \u00a0<\/p>\n<p>En raison des examens \u00e0 grand tirage, en cours, l&rsquo;Etat-major g\u00e9n\u00e9ral des arm\u00e9es, a report\u00e9 d&rsquo;une semaine le recrutement. Du 28 juin au 9 juillet 2021, les pr\u00e9tendants auront \u00e0 d\u00e9poser leur dossier et faire la visite m\u00e9dicale pr\u00e9liminaire.<\/p>\n<p>Cet article <a rel=\"nofollow\" href=\"https:\/\/www.journalducameroun.com\/la-galere-des-candidats-au-test-de-larmee-ivoirienne\/\">La gal\u00e8re des candidats au test de l\u2019arm\u00e9e ivoirienne<\/a> est apparu en premier sur <a rel=\"nofollow\" href=\"https:\/\/www.journalducameroun.com\/\">Journal du Cameroun<\/a>.<\/p>\n<\/div>\n<p>Auteur: APA News<br \/>\n<a href=\"https:\/\/www.journalducameroun.com\/la-galere-des-candidats-au-test-de-larmee-ivoirienne\/\">Cliquez ici pour lire l&rsquo;article depuis sa source.<\/a><\/p>\n","protected":false},"excerpt":{"rendered":"<p>Devant l&rsquo;Etat-major g\u00e9n\u00e9ral des arm\u00e9es, \u00e0 Abidjan, des dizaines de candidats venus d\u00e9poser leur dossier pour le test de l&rsquo;arm\u00e9e et peinant \u00e0 faire partie du quota quotidien, veillent sur des lignes faisant office de rangs esp\u00e9rant se faire enr\u00f4ler. \u00ab\u00a0C&rsquo;est un peu difficile pour rentrer dans l&rsquo;arm\u00e9e\u00a0\u00bb, t\u00e9moigne Abdoul Soumahoro, 21 ans, qui d\u00e9couvre [&hellip;]<\/p>\n","protected":false},"author":1965,"featured_media":0,"comment_status":"closed","ping_status":"closed","sticky":false,"template":"","format":"standard","meta":{"fifu_image_url":"https:\/\/www.journalducameroun.com\/wp-content\/uploads\/2021\/06\/16250770828813.jpg","fifu_image_alt":"La gal\u00e8re des candidats au test de l\u2019arm\u00e9e ivoirienne","footnotes":""},"categories":[73,82],"tags":[],"class_list":["post-120015","post","type-post","status-publish","format-standard","hentry","category-actualite","category-cameroun"],"_links":{"self":[{"href":"https:\/\/linitiative.ca\/International\/wp-json\/wp\/v2\/posts\/120015","targetHints":{"allow":["GET"]}}],"collection":[{"href":"https:\/\/linitiative.ca\/International\/wp-json\/wp\/v2\/posts"}],"about":[{"href":"https:\/\/linitiative.ca\/International\/wp-json\/wp\/v2\/types\/post"}],"author":[{"embeddable":true,"href":"https:\/\/linitiative.ca\/International\/wp-json\/wp\/v2\/users\/1965"}],"replies":[{"embeddable":true,"href":"https:\/\/linitiative.ca\/International\/wp-json\/wp\/v2\/comments?post=120015"}],"version-history":[{"count":0,"href":"https:\/\/linitiative.ca\/International\/wp-json\/wp\/v2\/posts\/120015\/revisions"}],"wp:attachment":[{"href":"https:\/\/linitiative.ca\/International\/wp-json\/wp\/v2\/media?parent=120015"}],"wp:term":[{"taxonomy":"category","embeddable":true,"href":"https:\/\/linitiative.ca\/International\/wp-json\/wp\/v2\/categories?post=120015"},{"taxonomy":"post_tag","embeddable":true,"href":"https:\/\/linitiative.ca\/International\/wp-json\/wp\/v2\/tags?post=120015"}],"curies":[{"name":"wp","href":"https:\/\/api.w.org\/{rel}","templated":true}]}}