{"id":120022,"date":"2021-06-30T17:18:02","date_gmt":"2021-06-30T21:18:02","guid":{"rendered":"https:\/\/linitiative.ca\/International\/cote-divoire-bassoumarifou-sanogo-designe-dg-par-interim-de-lartci\/"},"modified":"2021-06-30T17:18:02","modified_gmt":"2021-06-30T21:18:02","slug":"cote-divoire-bassoumarifou-sanogo-designe-dg-par-interim-de-lartci","status":"publish","type":"post","link":"https:\/\/linitiative.ca\/International\/cote-divoire-bassoumarifou-sanogo-designe-dg-par-interim-de-lartci\/","title":{"rendered":"C\u00f4te d\u2019Ivoire: Bassoumarifou Sanogo d\u00e9sign\u00e9 DG par int\u00e9rim de l\u2019ARTCI"},"content":{"rendered":"<div>\n<p><img loading=\"lazy\" decoding=\"async\" width=\"500\" height=\"377\" src=\"https:\/\/linitiative.ca\/International\/wp-content\/uploads\/sites\/23\/2021\/06\/16250878823304.jpg\" class=\"attachment-post-thumbnail size-post-thumbnail wp-post-image\" alt=\"\" srcset=\"https:\/\/linitiative.ca\/International\/wp-content\/uploads\/sites\/23\/2021\/06\/16250878823304.jpg 500w, https:\/\/www.journalducameroun.com\/wp-content\/uploads\/2021\/06\/16250878823304-300x226.jpg 300w\" sizes=\"auto, (max-width: 500px) 100vw, 500px\"><\/p>\n<p>Le directeur des ressources et du contr\u00f4le technique de l&rsquo;Autorit\u00e9 de r\u00e9gulation des T\u00e9l\u00e9communications\/TIC de C\u00f4te d&rsquo;Ivoire (ARTCI), Bassoumarifou Sanogo, a \u00e9t\u00e9 d\u00e9sign\u00e9 mercredi directeur g\u00e9n\u00e9ral par int\u00e9rim de cet organe de r\u00e9gulation.<\/p>\n<p>M. Sanogo Bassoumarifou a \u00e9t\u00e9 \u00ab\u00a0d\u00e9sign\u00e9 directeur g\u00e9n\u00e9ral par int\u00e9rim de l&rsquo;Autorit\u00e9 de r\u00e9gulation des T\u00e9l\u00e9communications\/TIC de C\u00f4te d&rsquo;Ivoire \u00e0 compter du 30 juin 2021\u00a0\u00bb selon la r\u00e9solution No 2021-161 du Conseil de r\u00e9gulation.<\/p>\n<p>Le directeur g\u00e9n\u00e9ral par int\u00e9rim de l&rsquo;ARTCI qui prend fonction \u00e0 compter du 30 juin 2021, remplace M.\u00a0Bil\u00e9 Di\u00e9m\u00e9leou, suspendu \u00ab\u00a0suite \u00e0 des investigations pr\u00e9liminaires sur la gouvernance de certaines structures de l&rsquo;Etat\u00a0\u00bb.<\/p>\n<p>Selon la note officielle annon\u00e7ant la suspension de M. Bil\u00e9 Di\u00e9m\u00e9leou, le gouvernement ivoirien a d\u00e9cid\u00e9 \u00e0 travers ces structures de \u00ab\u00a0diligenter des audits\u00a0\u00bb, ce qui devrait permettre de faire la lumi\u00e8re sur de pr\u00e9sum\u00e9es malversations.<\/p>\n<p>Cet article <a rel=\"nofollow\" href=\"https:\/\/www.journalducameroun.com\/cote-divoire-bassoumarifou-sanogo-designe-dg-par-interim-de-lartci\/\">C\u00f4te d\u2019Ivoire: Bassoumarifou Sanogo d\u00e9sign\u00e9 DG par int\u00e9rim de l\u2019ARTCI<\/a> est apparu en premier sur <a rel=\"nofollow\" href=\"https:\/\/www.journalducameroun.com\/\">Journal du Cameroun<\/a>.<\/p>\n<\/div>\n<p>Auteur: APA News<br \/>\n<a href=\"https:\/\/www.journalducameroun.com\/cote-divoire-bassoumarifou-sanogo-designe-dg-par-interim-de-lartci\/\">Cliquez ici pour lire l&rsquo;article depuis sa source.<\/a><\/p>\n","protected":false},"excerpt":{"rendered":"<p>Le directeur des ressources et du contr\u00f4le technique de l&rsquo;Autorit\u00e9 de r\u00e9gulation des T\u00e9l\u00e9communications\/TIC de C\u00f4te d&rsquo;Ivoire (ARTCI), Bassoumarifou Sanogo, a \u00e9t\u00e9 d\u00e9sign\u00e9 mercredi directeur g\u00e9n\u00e9ral par int\u00e9rim de cet organe de r\u00e9gulation. M. Sanogo Bassoumarifou a \u00e9t\u00e9 \u00ab\u00a0d\u00e9sign\u00e9 directeur g\u00e9n\u00e9ral par int\u00e9rim de l&rsquo;Autorit\u00e9 de r\u00e9gulation des T\u00e9l\u00e9communications\/TIC de C\u00f4te d&rsquo;Ivoire \u00e0 compter du [&hellip;]<\/p>\n","protected":false},"author":1965,"featured_media":0,"comment_status":"closed","ping_status":"closed","sticky":false,"template":"","format":"standard","meta":{"fifu_image_url":"https:\/\/www.journalducameroun.com\/wp-content\/uploads\/2021\/06\/16250878823304.jpg","fifu_image_alt":"C\u00f4te d\u2019Ivoire: Bassoumarifou Sanogo d\u00e9sign\u00e9 DG par int\u00e9rim de l\u2019ARTCI","footnotes":""},"categories":[73,82],"tags":[],"class_list":["post-120022","post","type-post","status-publish","format-standard","hentry","category-actualite","category-cameroun"],"_links":{"self":[{"href":"https:\/\/linitiative.ca\/International\/wp-json\/wp\/v2\/posts\/120022","targetHints":{"allow":["GET"]}}],"collection":[{"href":"https:\/\/linitiative.ca\/International\/wp-json\/wp\/v2\/posts"}],"about":[{"href":"https:\/\/linitiative.ca\/International\/wp-json\/wp\/v2\/types\/post"}],"author":[{"embeddable":true,"href":"https:\/\/linitiative.ca\/International\/wp-json\/wp\/v2\/users\/1965"}],"replies":[{"embeddable":true,"href":"https:\/\/linitiative.ca\/International\/wp-json\/wp\/v2\/comments?post=120022"}],"version-history":[{"count":0,"href":"https:\/\/linitiative.ca\/International\/wp-json\/wp\/v2\/posts\/120022\/revisions"}],"wp:attachment":[{"href":"https:\/\/linitiative.ca\/International\/wp-json\/wp\/v2\/media?parent=120022"}],"wp:term":[{"taxonomy":"category","embeddable":true,"href":"https:\/\/linitiative.ca\/International\/wp-json\/wp\/v2\/categories?post=120022"},{"taxonomy":"post_tag","embeddable":true,"href":"https:\/\/linitiative.ca\/International\/wp-json\/wp\/v2\/tags?post=120022"}],"curies":[{"name":"wp","href":"https:\/\/api.w.org\/{rel}","templated":true}]}}