{"id":120024,"date":"2021-06-30T12:51:09","date_gmt":"2021-06-30T16:51:09","guid":{"rendered":"https:\/\/linitiative.ca\/International\/secteur-de-lelectricite-les-deputes-favorables-a-une-liberalisation-du-secteur\/"},"modified":"2021-06-30T12:51:09","modified_gmt":"2021-06-30T16:51:09","slug":"secteur-de-lelectricite-les-deputes-favorables-a-une-liberalisation-du-secteur","status":"publish","type":"post","link":"https:\/\/linitiative.ca\/International\/secteur-de-lelectricite-les-deputes-favorables-a-une-liberalisation-du-secteur\/","title":{"rendered":"Secteur de l\u2019\u00e9lectricit\u00e9 : les d\u00e9put\u00e9s favorables \u00e0 une lib\u00e9ralisation du secteur"},"content":{"rendered":"<div>\n<p>En passant aux peignes fins la probl\u00e9matique d\u2019acc\u00e8s \u00e0 l\u2019\u00e9lectricit\u00e9 avec le ministre de l\u2019Eau et de l\u2019Energie, Gaston Eloundou Essomba, les d\u00e9put\u00e9s sont arriv\u00e9s \u00e0 la conclusion que pour permettre \u00e0 ce secteur de panser ses maux, il \u00e9tait n\u00e9cessaire que le gouvernement proc\u00e8de \u00e0 la lib\u00e9ralisation du secteur de l\u2019\u00e9lectricit\u00e9 sur laquelle l\u2019Etat a une quasi mainmise sur les diff\u00e9rents segments, de la production \u00e0 la distribution en passant par le transport. Et parmi les recommandations d\u2019ordre infrastructurel formul\u00e9es par les d\u00e9put\u00e9s, ceux-ci pr\u00e9conisent de \u00ab lib\u00e9raliser le secteur de l\u2019\u00e9lectricit\u00e9 et permettre \u00e0 d\u2019autres op\u00e9rateurs d\u2019investir dans la production, le transport et la distribution de l\u2019\u00e9lectricit\u00e9 \u00bb. En clair, les \u00e9lus de la nation esp\u00e8rent voir intervenir des op\u00e9rateurs priv\u00e9s dans le secteur, lesquels viendraient par exemple casser le monopole de la distribution, exclusivement assur\u00e9e par Eneo, et celui du transport d\u00e9volu \u00e0 la seule Sonatrel.<\/p>\n<p><strong>Lire aussi<\/strong> : <strong><a href=\"https:\/\/ecomatin.net\/electricite-le-gouvernementt-accuse-eneo-ett-sonatrel-pour-les-delestages\/\">Electricit\u00e9 : le gouvernement accuse Eneo et Sonatrel pour les d\u00e9lestages<\/a><\/strong><\/p>\n<p>Dans le chapitre des recommandations sur le plan des infrastructures, les d\u00e9put\u00e9s prescrivent \u00e9galement le renouvellement du parc de transport et de distribution d\u2019\u00e9lectricit\u00e9, source de nombreuses ruptures d\u2019approvisionnement en \u00e9nergie \u00e9lectrique ; de cr\u00e9er de nouveaux circuits r\u00e9seaux de distribution modernes et aptes \u00e0 r\u00e9pondre \u00e0 la forte demande li\u00e9e \u00e0 la croissance d\u00e9mographique ; de rendre op\u00e9rationnels les diff\u00e9rents barrages hydro\u00e9lectriques (Memve\u2019ele, Mekin, Mokolo\u2026) pour am\u00e9liorer la quantit\u00e9 de production de l\u2019\u00e9nergie \u00e9lectrique, de restaurer la maintenance r\u00e9guli\u00e8re des centrales hydro\u00e9lectriques ; de multiplier les projets d\u2019extension de r\u00e9seau davantage en zone rurale o\u00f9 70% des populations vivent dans la pr\u00e9carit\u00e9 ; du recensement des sites potentiels de construction de mini-barrage et la mise en place d\u2019une strat\u00e9gie en vue de leur construction effective et l\u2019autonomisation de certaines localit\u00e9s en mati\u00e8re d\u2019\u00e9lectricit\u00e9.<\/p>\n<p><strong>Investissements<\/strong><\/p>\n<p>Les d\u00e9put\u00e9s croient dur comme fer qu\u2019une meilleure viabilit\u00e9 du secteur n\u00e9cessite d\u2019importants investissements et pour cela, le minist\u00e8re en charge du maroquin de l\u2019eau et de l\u2019\u00e9nergie doit disposer de moyens cons\u00e9quents. Ils plaident donc pour une augmentation de son enveloppe budg\u00e9taire, en vue d\u2019une meilleure soutenabilit\u00e9 des investissements en mati\u00e8re d\u2019\u00e9nergie. Le budget actuel de ce minist\u00e8re \u00e9tant de 228,482 milliards de F. De ce fait, les \u00e9lus du peuple pr\u00e9conisent que les diff\u00e9rentes entreprises sectorielles, Sonatrel et Eneo, mettent aussi la main \u00e0 la patte pour contribuer aux investissements \u00e0 consentir par le minist\u00e8re. Ils recommandent \u00e9galement de d\u00e9velopper le partenariat public-priv\u00e9 pour la construction d\u2019un barrage \u00e0 haute valeur ajout\u00e9e favorisant le maillage en offre \u00e9nerg\u00e9tique de l\u2019ensemble du territoire national.<\/p>\n<p><strong>Lire aussi<\/strong> : <strong><a href=\"https:\/\/ecomatin.net\/les-charges-de-sonatrel-grevent-le-bilan-financier-deneo-en-2019\/\">Les charges de Sonatrel gr\u00e8vent le bilan financier d\u2019Eneo en 2019<\/a><\/strong><\/p>\n<p>L\u2019article <a rel=\"nofollow\" href=\"https:\/\/ecomatin.net\/secteur-de-lelectricite-les-deputes-favorables-a-une-liberalisation-du-secteur\/\">Secteur de l\u2019\u00e9lectricit\u00e9 : les d\u00e9put\u00e9s favorables \u00e0 une lib\u00e9ralisation du secteur<\/a> est apparu en premier sur <a rel=\"nofollow\" href=\"https:\/\/ecomatin.net\/\">EcoMatin<\/a>.<\/p>\n<\/div>\n<p>Auteur: Yannick KENNE<br \/>\n<a href=\"https:\/\/ecomatin.net\/secteur-de-lelectricite-les-deputes-favorables-a-une-liberalisation-du-secteur\/\">Cliquez ici pour lire l&rsquo;article depuis sa source.<\/a><\/p>\n","protected":false},"excerpt":{"rendered":"<p>En passant aux peignes fins la probl\u00e9matique d\u2019acc\u00e8s \u00e0 l\u2019\u00e9lectricit\u00e9 avec le ministre de l\u2019Eau et de l\u2019Energie, Gaston Eloundou Essomba, les d\u00e9put\u00e9s sont arriv\u00e9s \u00e0 la conclusion que pour permettre \u00e0 ce secteur de panser ses maux, il \u00e9tait n\u00e9cessaire que le gouvernement proc\u00e8de \u00e0 la lib\u00e9ralisation du secteur de l\u2019\u00e9lectricit\u00e9 sur laquelle l\u2019Etat [&hellip;]<\/p>\n","protected":false},"author":1969,"featured_media":0,"comment_status":"closed","ping_status":"closed","sticky":false,"template":"","format":"standard","meta":{"fifu_image_url":"","fifu_image_alt":"","footnotes":""},"categories":[82,78],"tags":[],"class_list":["post-120024","post","type-post","status-publish","format-standard","hentry","category-cameroun","category-economie"],"_links":{"self":[{"href":"https:\/\/linitiative.ca\/International\/wp-json\/wp\/v2\/posts\/120024","targetHints":{"allow":["GET"]}}],"collection":[{"href":"https:\/\/linitiative.ca\/International\/wp-json\/wp\/v2\/posts"}],"about":[{"href":"https:\/\/linitiative.ca\/International\/wp-json\/wp\/v2\/types\/post"}],"author":[{"embeddable":true,"href":"https:\/\/linitiative.ca\/International\/wp-json\/wp\/v2\/users\/1969"}],"replies":[{"embeddable":true,"href":"https:\/\/linitiative.ca\/International\/wp-json\/wp\/v2\/comments?post=120024"}],"version-history":[{"count":0,"href":"https:\/\/linitiative.ca\/International\/wp-json\/wp\/v2\/posts\/120024\/revisions"}],"wp:attachment":[{"href":"https:\/\/linitiative.ca\/International\/wp-json\/wp\/v2\/media?parent=120024"}],"wp:term":[{"taxonomy":"category","embeddable":true,"href":"https:\/\/linitiative.ca\/International\/wp-json\/wp\/v2\/categories?post=120024"},{"taxonomy":"post_tag","embeddable":true,"href":"https:\/\/linitiative.ca\/International\/wp-json\/wp\/v2\/tags?post=120024"}],"curies":[{"name":"wp","href":"https:\/\/api.w.org\/{rel}","templated":true}]}}