{"id":120027,"date":"2021-06-30T13:39:20","date_gmt":"2021-06-30T17:39:20","guid":{"rendered":"https:\/\/linitiative.ca\/International\/education-sabc-prime-lexcellence-scolaire-dans-deux-ecoles-primaires\/"},"modified":"2021-06-30T13:39:20","modified_gmt":"2021-06-30T17:39:20","slug":"education-sabc-prime-lexcellence-scolaire-dans-deux-ecoles-primaires","status":"publish","type":"post","link":"https:\/\/linitiative.ca\/International\/education-sabc-prime-lexcellence-scolaire-dans-deux-ecoles-primaires\/","title":{"rendered":"Education : Sabc prime l\u2019excellence scolaire dans deux \u00e9coles primaires"},"content":{"rendered":"<div>\n<p>Fid\u00e8le \u00e0 ses engagements soci\u00e9taux, principalement dans le secteur de l\u2019\u00e9ducation, \u00a0le Groupe Sabc a c\u00e9l\u00e9br\u00e9 la performance scolaire dans deux \u00e9tablissements du primaire les 24 et 25 juin dernier. Il s\u2019agit de l\u2019\u00e9cole maternelle et publique d\u2019Akomessing dans le d\u00e9partement du Dja et lobo r\u00e9gion du Sud et de l\u2019\u00e9cole primaire Petit Joss de Bonanjo dans le d\u00e9partement du Wouri, r\u00e9gion du Littoral. L\u2019initiative de Sabc\u00a0vise \u00e0 f\u00e9liciter la performance des meilleurs \u00e9l\u00e8ves de l\u2019ann\u00e9e scolaire 2020-2021 qui s\u2019ach\u00e8ve, et d\u2019aider les parents \u00e0 mieux pr\u00e9parer la rentr\u00e9e scolaire prochaine.<\/p>\n<p><strong>Lire aussi<\/strong> : <strong><a href=\"https:\/\/ecomatin.net\/le-groupe-sabc-lance-ledition-2021-des-journees-citoyennes\/\">Le Groupe Sabc lance l\u2019\u00e9dition 2021 des journ\u00e9es citoyennes<\/a><\/strong><\/p>\n<p>Pour la journ\u00e9e du 24 juin 2021, c\u2019est une d\u00e9l\u00e9gation conduite par Dieudonn\u00e9 Ondoko Directeur R\u00e9gional du Sud qui s\u2019est rendue \u00e0 l\u2019\u00e9cole maternelle et publique d\u2019Akomessing. Au total, 30 bourses scolaires ont \u00e9t\u00e9 offertes aux meilleurs \u00e9l\u00e8ves de cet \u00e9tablissement scolaire au cours d\u2019une c\u00e9r\u00e9monie qui s\u2019est d\u00e9roul\u00e9e en pr\u00e9sence du maire, du chef du village et des responsables de l\u2019\u00e9cole. La bourse remise \u00e0 chaque b\u00e9n\u00e9ficiaire \u00e9tait compos\u00e9e de sacs \u00e0 dos, de livres scolaires inscris au programme et des accompagnements d\u2019une valeur \u00a0de 25\u00a0000 FCFA.<\/p>\n<p><strong>Lire aussi <\/strong>: <strong><a href=\"https:\/\/ecomatin.net\/protection-de-lenvironnement-le-groupe-sabc-promeut-lutilisation-du-verre\/\">Protection de l\u2019environnement : le groupe Sabc promeut l\u2019utilisation du verre<\/a><\/strong><\/p>\n<p>Le 25 juin 2021, c\u2019\u00e9tait \u00a0aux \u00e9l\u00e8ves de l\u2019Ecole primaire Petit Joss de Bonanjo d\u2019\u00eatre prim\u00e9 par la Sabc. 18 \u00e9l\u00e8ves se sont d\u00e9marqu\u00e9s par leurs excellents r\u00e9sultats au cours de l\u2019ann\u00e9e scolaire \u00e9coul\u00e9e. Ils ont re\u00e7u du Groupe SABC des fournitures scolaires compos\u00e9es \u00a0de sacs \u00e0 dos, \u00a0des livres et des cahiers entre autres. Rappelons ici que le 14 d\u00e9cembre dernier, le Groupe SABC en qualit\u00e9 de partenaire et avait accompagn\u00e9 l\u2019Association Petit Joss dans le projet de r\u00e9novation, d\u2019\u00e9quipement en livres et ordinateurs de la biblioth\u00e8que de l\u2019\u00e9cole afin de donner le go\u00fbt de la lecture aux enfants.<\/p>\n<p>Depuis plus de 70 ans, le Groupe SABC a fait le choix d\u2019investir dans la responsabilit\u00e9 soci\u00e9tale pour assumer son leadership.<\/p>\n<p><strong>Lire aussi<\/strong> : <strong><a href=\"https:\/\/ecomatin.net\/protection-de-lenvironnement-sabc-lance-le-programme-walk-of-reclycing\/\">Protection de l\u2019environnement: Sabc lance le programme \u00ab walk of reclycing \u00bb<\/a><\/strong><\/p>\n<p>L\u2019article <a rel=\"nofollow\" href=\"https:\/\/ecomatin.net\/education-sabc-prime-lexcellence-scolaire-dans-deux-ecoles-primaires\/\">Education : Sabc prime l\u2019excellence scolaire dans deux \u00e9coles primaires<\/a> est apparu en premier sur <a rel=\"nofollow\" href=\"https:\/\/ecomatin.net\/\">EcoMatin<\/a>.<\/p>\n<\/div>\n<p>Auteur: Amina MALLOUM<br \/>\n<a href=\"https:\/\/ecomatin.net\/education-sabc-prime-lexcellence-scolaire-dans-deux-ecoles-primaires\/\">Cliquez ici pour lire l&rsquo;article depuis sa source.<\/a><\/p>\n","protected":false},"excerpt":{"rendered":"<p>Fid\u00e8le \u00e0 ses engagements soci\u00e9taux, principalement dans le secteur de l\u2019\u00e9ducation, \u00a0le Groupe Sabc a c\u00e9l\u00e9br\u00e9 la performance scolaire dans deux \u00e9tablissements du primaire les 24 et 25 juin dernier. Il s\u2019agit de l\u2019\u00e9cole maternelle et publique d\u2019Akomessing dans le d\u00e9partement du Dja et lobo r\u00e9gion du Sud et de l\u2019\u00e9cole primaire Petit Joss de [&hellip;]<\/p>\n","protected":false},"author":1969,"featured_media":0,"comment_status":"closed","ping_status":"closed","sticky":false,"template":"","format":"standard","meta":{"fifu_image_url":"","fifu_image_alt":"","footnotes":""},"categories":[82,78],"tags":[],"class_list":["post-120027","post","type-post","status-publish","format-standard","hentry","category-cameroun","category-economie"],"_links":{"self":[{"href":"https:\/\/linitiative.ca\/International\/wp-json\/wp\/v2\/posts\/120027","targetHints":{"allow":["GET"]}}],"collection":[{"href":"https:\/\/linitiative.ca\/International\/wp-json\/wp\/v2\/posts"}],"about":[{"href":"https:\/\/linitiative.ca\/International\/wp-json\/wp\/v2\/types\/post"}],"author":[{"embeddable":true,"href":"https:\/\/linitiative.ca\/International\/wp-json\/wp\/v2\/users\/1969"}],"replies":[{"embeddable":true,"href":"https:\/\/linitiative.ca\/International\/wp-json\/wp\/v2\/comments?post=120027"}],"version-history":[{"count":0,"href":"https:\/\/linitiative.ca\/International\/wp-json\/wp\/v2\/posts\/120027\/revisions"}],"wp:attachment":[{"href":"https:\/\/linitiative.ca\/International\/wp-json\/wp\/v2\/media?parent=120027"}],"wp:term":[{"taxonomy":"category","embeddable":true,"href":"https:\/\/linitiative.ca\/International\/wp-json\/wp\/v2\/categories?post=120027"},{"taxonomy":"post_tag","embeddable":true,"href":"https:\/\/linitiative.ca\/International\/wp-json\/wp\/v2\/tags?post=120027"}],"curies":[{"name":"wp","href":"https:\/\/api.w.org\/{rel}","templated":true}]}}