{"id":120029,"date":"2021-07-01T09:28:21","date_gmt":"2021-07-01T13:28:21","guid":{"rendered":"https:\/\/linitiative.ca\/International\/la-nuit-blanche-du-cinema-une-10eme-edition-en-format-hybride\/"},"modified":"2021-07-01T09:28:21","modified_gmt":"2021-07-01T13:28:21","slug":"la-nuit-blanche-du-cinema-une-10eme-edition-en-format-hybride","status":"publish","type":"post","link":"https:\/\/linitiative.ca\/International\/la-nuit-blanche-du-cinema-une-10eme-edition-en-format-hybride\/","title":{"rendered":"\u00abLa Nuit blanche du cin\u00e9ma\u00bb :  Une 10\u00e8me \u00e9dition en format hybride"},"content":{"rendered":"<div>\n<p><img decoding=\"async\" width=\"300\" height=\"153\" src=\"https:\/\/linitiative.ca\/International\/wp-content\/uploads\/sites\/23\/2021\/07\/La-Nuit-blanche-du-cinema-300x153-1.jpg\" class=\"attachment-medium size-medium wp-post-image\" alt=\"\" loading=\"lazy\" srcset=\"\/\/aujourdhui.ma\/wp-content\/uploads\/2021\/07\/La-Nuit-blanche-du-cinema-300x153.jpg 300w, \/\/aujourdhui.ma\/wp-content\/uploads\/2021\/07\/La-Nuit-blanche-du-cinema-274x140.jpg 274w, \/\/aujourdhui.ma\/wp-content\/uploads\/2021\/07\/La-Nuit-blanche-du-cinema.jpg 746w, \/\/aujourdhui.ma\/wp-content\/uploads\/2021\/07\/La-Nuit-blanche-du-cinema-165x84.jpg 165w, \/\/aujourdhui.ma\/wp-content\/uploads\/2021\/07\/La-Nuit-blanche-du-cinema-702x358.jpg 702w\" sizes=\"auto, (max-width: 300px) 100vw, 300px\"><\/p>\n<p><span style=\"color: #800000;\"><strong>L\u2019Association des rencontres m\u00e9diterran\u00e9ennes du cin\u00e9ma et des droits de l\u2019Homme (ARMCDH) organise, du 9 au 18 juillet prochain, la 10\u00e8me \u00e9dition de \u00abLa Nuit blanche du cin\u00e9ma\u00bb en format hybride, sous le th\u00e8me \u00abCin\u00e9ma et libert\u00e9s\u00bb.<\/strong><\/span><span id=\"more-380572\"><\/span><\/p>\n<p>Selon les organisateurs, les deux premiers jours de cette manifestation culturelle se d\u00e9rouleront en pr\u00e9sentiel sur l\u2019esplanade de la Biblioth\u00e8que nationale du Royaume du Maroc (BNRM) \u00e0 Rabat, tandis que le reste des projections se fera en ligne via la plateforme nuitblanche10.armcdh.ma. Le programme de cette \u00e9dition, qui co\u00efncide avec le dixi\u00e8me anniversaire de la nouvelle Constitution du Royaume, comporte des fictions, des documentaires et des courts-m\u00e9trages marocains et \u00e9trangers, outre un d\u00e9bat \u00e0 l\u2019esplanade de la BNRM autour de la th\u00e9matique \u00ab La libert\u00e9 de cr\u00e9ation : entre l\u2019assise constitutionnelle et l\u2019\u00e9lan du nouveau mod\u00e8le de d\u00e9veloppement\u00bb, pr\u00e9vu au lendemain de la premi\u00e8re nuit des projections. \u00abEn application des mesures de pr\u00e9caution li\u00e9es \u00e0 la Covid-19, les \u00e9v\u00e9nements en plein air seront limit\u00e9s \u00e0 100 personnes, qui doivent s\u2019inscrire au pr\u00e9alable sur le site de la manifestation\u00bb, indique l\u2019ARMCDH. La \u00abNuit blanche du cin\u00e9ma\u00bb et des droits de l\u2019Homme est organis\u00e9e en coop\u00e9ration avec la Fondation Heinrich B\u00f6ll, avec l\u2019appui de ONU Femmes, l\u2019Institut Fran\u00e7ais du Maroc, l\u2019ambassade de Suisse au Maroc, le Centre cin\u00e9matographique marocain et le r\u00e9seau arabe pour les films droits de l\u2019Homme (ANHAR).<\/p>\n<\/div>\n<p>Auteur: ALM<br \/>\n<a href=\"https:\/\/aujourdhui.ma\/culture\/la-nuit-blanche-du-cinema-une-10eme-edition-en-format-hybride\">Cliquez ici pour lire l&rsquo;article depuis sa source.<\/a><\/p>\n","protected":false},"excerpt":{"rendered":"<p>L\u2019Association des rencontres m\u00e9diterran\u00e9ennes du cin\u00e9ma et des droits de l\u2019Homme (ARMCDH) organise, du 9 au 18 juillet prochain, la 10\u00e8me \u00e9dition de \u00abLa Nuit blanche du cin\u00e9ma\u00bb en format hybride, sous le th\u00e8me \u00abCin\u00e9ma et libert\u00e9s\u00bb. Selon les organisateurs, les deux premiers jours de cette manifestation culturelle se d\u00e9rouleront en pr\u00e9sentiel sur l\u2019esplanade de [&hellip;]<\/p>\n","protected":false},"author":1759,"featured_media":0,"comment_status":"closed","ping_status":"closed","sticky":false,"template":"","format":"standard","meta":{"fifu_image_url":"https:\/\/aujourdhui.ma\/wp-content\/uploads\/2021\/07\/La-Nuit-blanche-du-cinema-300x153.jpg","fifu_image_alt":"\u00abLa Nuit blanche du cin\u00e9ma\u00bb :  Une 10\u00e8me \u00e9dition en format hybride","footnotes":""},"categories":[73,54],"tags":[],"class_list":["post-120029","post","type-post","status-publish","format-standard","hentry","category-actualite","category-maroc"],"_links":{"self":[{"href":"https:\/\/linitiative.ca\/International\/wp-json\/wp\/v2\/posts\/120029","targetHints":{"allow":["GET"]}}],"collection":[{"href":"https:\/\/linitiative.ca\/International\/wp-json\/wp\/v2\/posts"}],"about":[{"href":"https:\/\/linitiative.ca\/International\/wp-json\/wp\/v2\/types\/post"}],"author":[{"embeddable":true,"href":"https:\/\/linitiative.ca\/International\/wp-json\/wp\/v2\/users\/1759"}],"replies":[{"embeddable":true,"href":"https:\/\/linitiative.ca\/International\/wp-json\/wp\/v2\/comments?post=120029"}],"version-history":[{"count":0,"href":"https:\/\/linitiative.ca\/International\/wp-json\/wp\/v2\/posts\/120029\/revisions"}],"wp:attachment":[{"href":"https:\/\/linitiative.ca\/International\/wp-json\/wp\/v2\/media?parent=120029"}],"wp:term":[{"taxonomy":"category","embeddable":true,"href":"https:\/\/linitiative.ca\/International\/wp-json\/wp\/v2\/categories?post=120029"},{"taxonomy":"post_tag","embeddable":true,"href":"https:\/\/linitiative.ca\/International\/wp-json\/wp\/v2\/tags?post=120029"}],"curies":[{"name":"wp","href":"https:\/\/api.w.org\/{rel}","templated":true}]}}