{"id":120031,"date":"2021-07-01T09:30:34","date_gmt":"2021-07-01T13:30:34","guid":{"rendered":"https:\/\/linitiative.ca\/International\/exercice-des-medecins-etrangers-au-maroc-le-projet-de-loi-approuve-par-la-chambre-des-representants\/"},"modified":"2021-07-01T09:30:34","modified_gmt":"2021-07-01T13:30:34","slug":"exercice-des-medecins-etrangers-au-maroc-le-projet-de-loi-approuve-par-la-chambre-des-representants","status":"publish","type":"post","link":"https:\/\/linitiative.ca\/International\/exercice-des-medecins-etrangers-au-maroc-le-projet-de-loi-approuve-par-la-chambre-des-representants\/","title":{"rendered":"Exercice des m\u00e9decins \u00e9trangers au Maroc  : Le projet de loi approuv\u00e9 par la Chambre des repr\u00e9sentants"},"content":{"rendered":"<div>\n<p><img decoding=\"async\" width=\"300\" height=\"153\" src=\"https:\/\/linitiative.ca\/International\/wp-content\/uploads\/sites\/23\/2021\/07\/medecins-300x153-1.jpg\" class=\"attachment-medium size-medium wp-post-image\" alt=\"\" loading=\"lazy\" srcset=\"\/\/aujourdhui.ma\/wp-content\/uploads\/2021\/04\/medecins-300x153.jpg 300w, \/\/aujourdhui.ma\/wp-content\/uploads\/2021\/04\/medecins-274x140.jpg 274w, \/\/aujourdhui.ma\/wp-content\/uploads\/2021\/04\/medecins.jpg 746w, \/\/aujourdhui.ma\/wp-content\/uploads\/2021\/04\/medecins-165x84.jpg 165w, \/\/aujourdhui.ma\/wp-content\/uploads\/2021\/04\/medecins-702x358.jpg 702w\" sizes=\"auto, (max-width: 300px) 100vw, 300px\"><\/p>\n<p><span style=\"color: #800000;\"><strong>Le projet de loi 33-21 modifiant et compl\u00e9tant la loi 131-13 relative \u00e0 l\u2019exercice de la m\u00e9decine qui a fait pol\u00e9mique depuis son adoption au Conseil de gouvernement le 27 mai 2021 a \u00e9t\u00e9 approuv\u00e9 \u00e0 l\u2019unanimit\u00e9 par la Chambre des repr\u00e9sentants.<\/strong> <\/span><span id=\"more-380540\"><\/span><\/p>\n<p>Ce projet de loi, adopt\u00e9 mardi lors d\u2019une s\u00e9ance pr\u00e9sid\u00e9e par Habib El Malki, pr\u00e9sident de la Chambre des repr\u00e9sentants, vise \u00e0 mettre en place un ensemble d\u2019incitations pour attirer les m\u00e9decins \u00e9trangers ou Marocains exer\u00e7ant \u00e0 l\u2019\u00e9tranger. Pour leur permettre d\u2019exercer, \u00e0 titre permanent, dans le secteur priv\u00e9 au Maroc, le texte de loi pr\u00e9voit de nouvelles mesures incitatives, en se contentant de la condition d\u2019inscription au tableau de l\u2019Ordre national des m\u00e9decins pour exercer la profession, ce qui permettra au m\u00e9decin \u00e9tranger d\u2019avoir une carte d\u2019inscription, et ce conform\u00e9ment aux dispositions l\u00e9gales relatives aux conditions d\u2019entr\u00e9e et de s\u00e9jour des \u00e9trangers au Maroc.<\/p>\n<p>Ces mesures concernent \u00e9galement, selon ce projet de loi, l\u2019augmentation de la dur\u00e9e de validit\u00e9 de la carte d\u2019inscription (pas moins de 4 ans), pour assurer la stabilit\u00e9 du m\u00e9decin \u00e9tranger et la r\u00e9alisation de son projet professionnel dans le Royaume. Il est aussi pr\u00e9vu la mise en place d\u2019un comit\u00e9 aupr\u00e8s du ministre de la sant\u00e9 afin de mettre le point sur le degr\u00e9 d\u2019int\u00e9gration des m\u00e9decins \u00e9trangers dans le syst\u00e8me de sant\u00e9 au Maroc et de pr\u00e9senter un rapport annuel au chef de gouvernement. De m\u00eame, le projet pr\u00e9voit que les m\u00e9decins \u00e9trangers soient soumis aux m\u00eames conditions que leurs homologues marocains, en ce qui concerne les dipl\u00f4mes et certificats autorisant l\u2019exercice de la profession, et qu\u2019ils ne soient pas condamn\u00e9s de d\u00e9lit ou de crime au Maroc ou \u00e0 l\u2019\u00e9tranger.<\/p>\n<p>Quant aux m\u00e9decins marocains exer\u00e7ant \u00e0 l\u2019\u00e9tranger, le projet de loi vise \u00e0 motiver cette cat\u00e9gorie \u00e0 retourner travailler au Maroc, en supprimant l\u2019obligation de pr\u00e9senter l\u2019\u00e9quivalence du certificat ou du dipl\u00f4me obtenu d\u2019un \u00e9tablissement \u00e9tranger, \u00e0 la faveur de l\u2019exp\u00e9rience acquise.<\/p>\n<\/div>\n<p>Auteur: ALM<br \/>\n<a href=\"https:\/\/aujourdhui.ma\/societe\/exercice-des-medecins-etrangers-au-maroc-le-projet-de-loi-approuve-par-la-chambre-des-representants\">Cliquez ici pour lire l&rsquo;article depuis sa source.<\/a><\/p>\n","protected":false},"excerpt":{"rendered":"<p>Le projet de loi 33-21 modifiant et compl\u00e9tant la loi 131-13 relative \u00e0 l\u2019exercice de la m\u00e9decine qui a fait pol\u00e9mique depuis son adoption au Conseil de gouvernement le 27 mai 2021 a \u00e9t\u00e9 approuv\u00e9 \u00e0 l\u2019unanimit\u00e9 par la Chambre des repr\u00e9sentants. Ce projet de loi, adopt\u00e9 mardi lors d\u2019une s\u00e9ance pr\u00e9sid\u00e9e par Habib El [&hellip;]<\/p>\n","protected":false},"author":1759,"featured_media":0,"comment_status":"closed","ping_status":"closed","sticky":false,"template":"","format":"standard","meta":{"fifu_image_url":"https:\/\/aujourdhui.ma\/wp-content\/uploads\/2021\/04\/medecins-300x153.jpg","fifu_image_alt":"Exercice des m\u00e9decins \u00e9trangers au Maroc  : Le projet de loi approuv\u00e9 par la Chambre des repr\u00e9sentants","footnotes":""},"categories":[73,54],"tags":[],"class_list":["post-120031","post","type-post","status-publish","format-standard","hentry","category-actualite","category-maroc"],"_links":{"self":[{"href":"https:\/\/linitiative.ca\/International\/wp-json\/wp\/v2\/posts\/120031","targetHints":{"allow":["GET"]}}],"collection":[{"href":"https:\/\/linitiative.ca\/International\/wp-json\/wp\/v2\/posts"}],"about":[{"href":"https:\/\/linitiative.ca\/International\/wp-json\/wp\/v2\/types\/post"}],"author":[{"embeddable":true,"href":"https:\/\/linitiative.ca\/International\/wp-json\/wp\/v2\/users\/1759"}],"replies":[{"embeddable":true,"href":"https:\/\/linitiative.ca\/International\/wp-json\/wp\/v2\/comments?post=120031"}],"version-history":[{"count":0,"href":"https:\/\/linitiative.ca\/International\/wp-json\/wp\/v2\/posts\/120031\/revisions"}],"wp:attachment":[{"href":"https:\/\/linitiative.ca\/International\/wp-json\/wp\/v2\/media?parent=120031"}],"wp:term":[{"taxonomy":"category","embeddable":true,"href":"https:\/\/linitiative.ca\/International\/wp-json\/wp\/v2\/categories?post=120031"},{"taxonomy":"post_tag","embeddable":true,"href":"https:\/\/linitiative.ca\/International\/wp-json\/wp\/v2\/tags?post=120031"}],"curies":[{"name":"wp","href":"https:\/\/api.w.org\/{rel}","templated":true}]}}