{"id":120033,"date":"2021-07-01T10:00:46","date_gmt":"2021-07-01T14:00:46","guid":{"rendered":"https:\/\/linitiative.ca\/International\/il-sera-deploye-a-partir-de-la-mi-juillet-en-milieux-urbain-et-rural-un-programme-national-danimation-etes-2021-en-faveur-des-jeunes\/"},"modified":"2021-07-01T10:00:46","modified_gmt":"2021-07-01T14:00:46","slug":"il-sera-deploye-a-partir-de-la-mi-juillet-en-milieux-urbain-et-rural-un-programme-national-danimation-etes-2021-en-faveur-des-jeunes","status":"publish","type":"post","link":"https:\/\/linitiative.ca\/International\/il-sera-deploye-a-partir-de-la-mi-juillet-en-milieux-urbain-et-rural-un-programme-national-danimation-etes-2021-en-faveur-des-jeunes\/","title":{"rendered":"Il sera d\u00e9ploy\u00e9 \u00e0 partir de la mi-juillet en milieux urbain et rural  : Un programme national d\u2019animation \u00abEt\u00e9s 2021\u00bb en faveur des jeunes"},"content":{"rendered":"<div>\n<p><img decoding=\"async\" width=\"300\" height=\"153\" src=\"https:\/\/linitiative.ca\/International\/wp-content\/uploads\/sites\/23\/2021\/07\/colonies-de-vacances-300x153-1.jpg\" class=\"attachment-medium size-medium wp-post-image\" alt=\"\" loading=\"lazy\" srcset=\"\/\/aujourdhui.ma\/wp-content\/uploads\/2021\/07\/colonies-de-vacances-300x153.jpg 300w, \/\/aujourdhui.ma\/wp-content\/uploads\/2021\/07\/colonies-de-vacances-274x140.jpg 274w, \/\/aujourdhui.ma\/wp-content\/uploads\/2021\/07\/colonies-de-vacances.jpg 746w, \/\/aujourdhui.ma\/wp-content\/uploads\/2021\/07\/colonies-de-vacances-165x84.jpg 165w, \/\/aujourdhui.ma\/wp-content\/uploads\/2021\/07\/colonies-de-vacances-702x358.jpg 702w\" sizes=\"auto, (max-width: 300px) 100vw, 300px\"><\/p>\n<p><span style=\"color: #800000;\"><strong>En raison de l\u2019annulation des colonies de vacances cette ann\u00e9e, Othmane El Ferdaous, ministre de la culture, de la jeunesse et des sports, vient d\u2019annoncer un programme national d\u2019animation de proximit\u00e9 baptis\u00e9 \u00abEt\u00e9s 2021\u00bb, au profit des enfants et des jeunes pour combler le vide.<\/strong><\/span><span id=\"more-380544\"><\/span><\/p>\n<p>Ce programme, initi\u00e9 en collaboration avec la F\u00e9d\u00e9ration nationale des colonies de vacances, sera d\u00e9ploy\u00e9, par phases, \u00e0 partir de la mi-juillet prochain, dans les Maisons des jeunes, les clubs f\u00e9minins et les centres socio-sportifs de proximit\u00e9 existants dans l\u2019ensemble des r\u00e9gion du Royaume. \u00abIl sera mis en \u0153uvre dans les milieux urbain et rural. Il est destin\u00e9 aux enfants \u00e2g\u00e9s entre 7 et moins de 15 ans, et aux jeunes \u00e2g\u00e9s entre 15 et moins de 18 ans\u00bb, lit-on dans la circulaire n\u00b017\/91 publi\u00e9e par le minist\u00e8re. En effet, cette circulaire s\u2019adresse aux directions r\u00e9gionales du minist\u00e8re de la jeunesse et du sport, afin de mettre en place les conditions appropri\u00e9es pour r\u00e9ussir le d\u00e9roulement de ce programme. Elle comprend en effet quatre directives fondamentales. Ainsi la premi\u00e8re concerne la mise en place des mesures sanitaires et les conditions de s\u00e9curit\u00e9 pour pr\u00e9venir et limiter la propagation de l\u2019\u00e9pid\u00e9mie de Covid-19. La deuxi\u00e8me directive concerne l\u2019am\u00e9nagement des \u00e9tablissements d\u2019accueil et la mise en \u0153uvre d\u2019un programme qualifi\u00e9.<\/p>\n<p>D\u2019ailleurs, le minist\u00e8re va pr\u00e9senter prochainement la liste d\u00e9finitive des espaces programm\u00e9s. La troisi\u00e8me directive concerne la conclusion des contrats pour assurer la restauration. \u00abLes directeurs r\u00e9gionaux sont appel\u00e9s \u00e0 prendre toutes les mesures administratives et financi\u00e8res pour conclure des contrats de programme nutritif\u00bb, indique la circulaire. Enfin, la derni\u00e8re directive concerne la mobilisation des ressources humaines n\u00e9cessaires pour le bon d\u00e9roulement de ce programme.<\/p>\n<p>A cet effet, seront \u00e9tablis des comit\u00e9s communs centraux et r\u00e9gionaux entre le minist\u00e8re et la F\u00e9d\u00e9ration nationale des colonies de vacances. Ceux-ci s\u2019engagent, selon la m\u00eame source, \u00e0 \u00e9tablir les conditions de participation des associations affili\u00e9es \u00e0 ladite F\u00e9d\u00e9ration, l\u2019\u00e9tude des dossiers de participation et l\u2019\u00e9valuation p\u00e9riodique de ce programme. La m\u00eame source note par ailleurs que la plate-forme Vacances pour tous constitue un espace de gestion de ce programme aupr\u00e8s de l\u2019administration (centrale, r\u00e9gionale ou provinciale) et les associations participantes.<\/p>\n<\/div>\n<p>Auteur: Siham Jadraoui<br \/>\n<a href=\"https:\/\/aujourdhui.ma\/societe\/il-sera-deploye-a-partir-de-la-mi-juillet-en-milieux-urbain-et-rural-un-programme-national-danimation-etes-2021-en-faveur-des-jeunes\">Cliquez ici pour lire l&rsquo;article depuis sa source.<\/a><\/p>\n","protected":false},"excerpt":{"rendered":"<p>En raison de l\u2019annulation des colonies de vacances cette ann\u00e9e, Othmane El Ferdaous, ministre de la culture, de la jeunesse et des sports, vient d\u2019annoncer un programme national d\u2019animation de proximit\u00e9 baptis\u00e9 \u00abEt\u00e9s 2021\u00bb, au profit des enfants et des jeunes pour combler le vide. Ce programme, initi\u00e9 en collaboration avec la F\u00e9d\u00e9ration nationale des [&hellip;]<\/p>\n","protected":false},"author":1759,"featured_media":0,"comment_status":"closed","ping_status":"closed","sticky":false,"template":"","format":"standard","meta":{"fifu_image_url":"https:\/\/aujourdhui.ma\/wp-content\/uploads\/2021\/07\/colonies-de-vacances-300x153.jpg","fifu_image_alt":"Il sera d\u00e9ploy\u00e9 \u00e0 partir de la mi-juillet en milieux urbain et rural  : Un programme national d\u2019animation \u00abEt\u00e9s 2021\u00bb en faveur des jeunes","footnotes":""},"categories":[73,54],"tags":[],"class_list":["post-120033","post","type-post","status-publish","format-standard","hentry","category-actualite","category-maroc"],"_links":{"self":[{"href":"https:\/\/linitiative.ca\/International\/wp-json\/wp\/v2\/posts\/120033","targetHints":{"allow":["GET"]}}],"collection":[{"href":"https:\/\/linitiative.ca\/International\/wp-json\/wp\/v2\/posts"}],"about":[{"href":"https:\/\/linitiative.ca\/International\/wp-json\/wp\/v2\/types\/post"}],"author":[{"embeddable":true,"href":"https:\/\/linitiative.ca\/International\/wp-json\/wp\/v2\/users\/1759"}],"replies":[{"embeddable":true,"href":"https:\/\/linitiative.ca\/International\/wp-json\/wp\/v2\/comments?post=120033"}],"version-history":[{"count":0,"href":"https:\/\/linitiative.ca\/International\/wp-json\/wp\/v2\/posts\/120033\/revisions"}],"wp:attachment":[{"href":"https:\/\/linitiative.ca\/International\/wp-json\/wp\/v2\/media?parent=120033"}],"wp:term":[{"taxonomy":"category","embeddable":true,"href":"https:\/\/linitiative.ca\/International\/wp-json\/wp\/v2\/categories?post=120033"},{"taxonomy":"post_tag","embeddable":true,"href":"https:\/\/linitiative.ca\/International\/wp-json\/wp\/v2\/tags?post=120033"}],"curies":[{"name":"wp","href":"https:\/\/api.w.org\/{rel}","templated":true}]}}