{"id":120035,"date":"2021-07-01T10:15:38","date_gmt":"2021-07-01T14:15:38","guid":{"rendered":"https:\/\/linitiative.ca\/International\/une-campagne-nationale-a-ete-lancee-pour-valoriser-leurs-efforts-la-tutelle-rend-hommage-aux-professionnels-de-sante\/"},"modified":"2021-07-01T10:15:38","modified_gmt":"2021-07-01T14:15:38","slug":"une-campagne-nationale-a-ete-lancee-pour-valoriser-leurs-efforts-la-tutelle-rend-hommage-aux-professionnels-de-sante","status":"publish","type":"post","link":"https:\/\/linitiative.ca\/International\/une-campagne-nationale-a-ete-lancee-pour-valoriser-leurs-efforts-la-tutelle-rend-hommage-aux-professionnels-de-sante\/","title":{"rendered":"Une campagne nationale a \u00e9t\u00e9 lanc\u00e9e pour valoriser leurs efforts : La tutelle rend hommage aux professionnels de sant\u00e9"},"content":{"rendered":"<div>\n<p><img decoding=\"async\" width=\"300\" height=\"153\" src=\"https:\/\/linitiative.ca\/International\/wp-content\/uploads\/sites\/23\/2021\/07\/Medecins-300x153-2.jpg\" class=\"attachment-medium size-medium wp-post-image\" alt=\"\" loading=\"lazy\" srcset=\"\/\/aujourdhui.ma\/wp-content\/uploads\/2021\/05\/Medecins-300x153.jpg 300w, \/\/aujourdhui.ma\/wp-content\/uploads\/2021\/05\/Medecins-274x140.jpg 274w, \/\/aujourdhui.ma\/wp-content\/uploads\/2021\/05\/Medecins.jpg 746w, \/\/aujourdhui.ma\/wp-content\/uploads\/2021\/05\/Medecins-165x84.jpg 165w, \/\/aujourdhui.ma\/wp-content\/uploads\/2021\/05\/Medecins-702x358.jpg 702w\" sizes=\"auto, (max-width: 300px) 100vw, 300px\"><\/p>\n<p><span style=\"color: #800000;\"><strong>Le minist\u00e8re de la sant\u00e9 rend hommage aux professionnels de sant\u00e9.<\/strong> <\/span><span id=\"more-380547\"><\/span><\/p>\n<p>La tutelle lance entre le 30 juin et le 31 juillet une campagne nationale de valorisation des efforts des professionnels de sant\u00e9. De nombreux supports de communication seront diffus\u00e9s \u00e0 la t\u00e9l\u00e9vision et \u00e0 la radio, et sur les pages officielles du minist\u00e8re ainsi que sur les r\u00e9seaux sociaux. \u00abC\u2019est une occasion pour le minist\u00e8re d\u2019exprimer toute la reconnaissance pour les efforts et les sacrifices consid\u00e9rables fournis par les professionnels de sant\u00e9, toutes cat\u00e9gories confondues, malgr\u00e9 les difficult\u00e9s et les contraintes que conna\u00eet le syst\u00e8me de sant\u00e9, dans le but d\u2019am\u00e9liorer et d\u2019optimiser les services de sant\u00e9 offerts aux citoyennes et citoyens et d\u2019assurer leur continuit\u00e9\u00bb, indique un communiqu\u00e9 du minist\u00e8re. Cette campagne nationale vient \u00e9galement honorer le travail respectable et h\u00e9ro\u00efque de ces professionnels de premi\u00e8re ligne pour lutter contre la pand\u00e9mie du coronavirus, ainsi que leur implication et leur sens de responsabilit\u00e9 pour la r\u00e9ussite de la campagne nationale de la vaccination. \u00abCet esprit de sacrifice et d\u2019engagement envers les valeurs de citoyennet\u00e9 dans des circonstances difficiles et exceptionnelles, malgr\u00e9 la peur, l\u2019anxi\u00e9t\u00e9 et le risque d\u2019infection, m\u00e9rite tous sentiments de gratuite et de fiert\u00e9.<\/p>\n<p>De ce fait, ils ont re\u00e7u, l\u2019honneur de l\u2019hommage et de la satisfaction Royale dans le discours du Tr\u00f4ne, qui co\u00efncidait avec le 21\u00e8me anniversaire de l\u2019intronisation de Sa Majest\u00e9. Lors de ce discours, Sa Majest\u00e9, que Dieu le prot\u00e8ge, s\u2019est adress\u00e9 aux autorit\u00e9s publiques avec reconnaissance et appr\u00e9ciation en particulier pour les professionnels de sant\u00e9 pour avoir accompli leur devoir de la mani\u00e8re requise, afin de limiter la propagation de l\u2019\u00e9pid\u00e9mie du coronavirus\u00bb, ajoute le communiqu\u00e9.<\/p>\n<\/div>\n<p>Auteur: ALM<br \/>\n<a href=\"https:\/\/aujourdhui.ma\/societe\/une-campagne-nationale-a-ete-lancee-pour-valoriser-leurs-efforts-la-tutelle-rend-hommage-aux-professionnels-de-sante\">Cliquez ici pour lire l&rsquo;article depuis sa source.<\/a><\/p>\n","protected":false},"excerpt":{"rendered":"<p>Le minist\u00e8re de la sant\u00e9 rend hommage aux professionnels de sant\u00e9. La tutelle lance entre le 30 juin et le 31 juillet une campagne nationale de valorisation des efforts des professionnels de sant\u00e9. De nombreux supports de communication seront diffus\u00e9s \u00e0 la t\u00e9l\u00e9vision et \u00e0 la radio, et sur les pages officielles du minist\u00e8re ainsi [&hellip;]<\/p>\n","protected":false},"author":1759,"featured_media":0,"comment_status":"closed","ping_status":"closed","sticky":false,"template":"","format":"standard","meta":{"fifu_image_url":"https:\/\/aujourdhui.ma\/wp-content\/uploads\/2021\/05\/Medecins-300x153.jpg","fifu_image_alt":"Une campagne nationale a \u00e9t\u00e9 lanc\u00e9e pour valoriser leurs efforts : La tutelle rend hommage aux professionnels de sant\u00e9","footnotes":""},"categories":[73,54],"tags":[],"class_list":["post-120035","post","type-post","status-publish","format-standard","hentry","category-actualite","category-maroc"],"_links":{"self":[{"href":"https:\/\/linitiative.ca\/International\/wp-json\/wp\/v2\/posts\/120035","targetHints":{"allow":["GET"]}}],"collection":[{"href":"https:\/\/linitiative.ca\/International\/wp-json\/wp\/v2\/posts"}],"about":[{"href":"https:\/\/linitiative.ca\/International\/wp-json\/wp\/v2\/types\/post"}],"author":[{"embeddable":true,"href":"https:\/\/linitiative.ca\/International\/wp-json\/wp\/v2\/users\/1759"}],"replies":[{"embeddable":true,"href":"https:\/\/linitiative.ca\/International\/wp-json\/wp\/v2\/comments?post=120035"}],"version-history":[{"count":0,"href":"https:\/\/linitiative.ca\/International\/wp-json\/wp\/v2\/posts\/120035\/revisions"}],"wp:attachment":[{"href":"https:\/\/linitiative.ca\/International\/wp-json\/wp\/v2\/media?parent=120035"}],"wp:term":[{"taxonomy":"category","embeddable":true,"href":"https:\/\/linitiative.ca\/International\/wp-json\/wp\/v2\/categories?post=120035"},{"taxonomy":"post_tag","embeddable":true,"href":"https:\/\/linitiative.ca\/International\/wp-json\/wp\/v2\/tags?post=120035"}],"curies":[{"name":"wp","href":"https:\/\/api.w.org\/{rel}","templated":true}]}}