{"id":120045,"date":"2021-06-30T14:00:00","date_gmt":"2021-06-30T18:00:00","guid":{"rendered":"https:\/\/linitiative.ca\/International\/les-medecins-etrangers-soumis-aux-memes-conditions-que-leurs-homologues-marocains\/"},"modified":"2021-06-30T14:00:00","modified_gmt":"2021-06-30T18:00:00","slug":"les-medecins-etrangers-soumis-aux-memes-conditions-que-leurs-homologues-marocains","status":"publish","type":"post","link":"https:\/\/linitiative.ca\/International\/les-medecins-etrangers-soumis-aux-memes-conditions-que-leurs-homologues-marocains\/","title":{"rendered":"Les m\u00e9decins \u00e9trangers soumis aux m\u00eames conditions que leurs homologues marocains"},"content":{"rendered":"<div>\n<p class=\"has-text-align-center has-vivid-red-color has-text-color\"><strong>Chambre des Repr\u00e9sentants\u00a0: loi relative \u00e0 l\u2019exercice de la m\u00e9decine<\/strong><\/p>\n<p class=\"has-black-color has-text-color\"><strong>La Chambre des Repr\u00e9sentants a approuv\u00e9 \u00e0 l\u2019unanimit\u00e9, mardi en s\u00e9ance pl\u00e9ni\u00e8re, le projet de loi n\u00b033.21 modifiant et compl\u00e9tant la loi 131.13 relative \u00e0 l\u2019exercice de la m\u00e9decine.<\/strong><\/p>\n<p class=\"has-black-color has-text-color\">Ce projet de loi, adopt\u00e9 lors d\u2019une s\u00e9ance pr\u00e9sid\u00e9e par M. Habib El Malki, pr\u00e9sident de la Chambre des repr\u00e9sentants, vise \u00e0 mettre en place un ensemble d\u2019incitations pour attirer les m\u00e9decins \u00e9trangers ou Marocains exer\u00e7ant \u00e0 l\u2019\u00e9tranger.<\/p>\n<p class=\"has-black-color has-text-color\">Pour permettre aux m\u00e9decins \u00e9trangers d\u2019exercer, \u00e0 titre permanent, dans le secteur priv\u00e9 au Maroc, le texte de loi pr\u00e9voit de nouvelles mesures incitatives, en se contentant de la condition d\u2019inscription au tableau de l\u2019Ordre national des m\u00e9decins pour exercer la profession, ce qui permettra au m\u00e9decin \u00e9tranger d\u2019avoir une carte d\u2019inscription, et ce conform\u00e9ment aux dispositions l\u00e9gales relatives aux conditions d\u2019entr\u00e9e et de s\u00e9jour des \u00e9trangers au Maroc.<\/p>\n<p class=\"has-black-color has-text-color\">Ces mesures concernent \u00e9galement, selon ce projet de loi, l\u2019augmentation de la dur\u00e9e de validit\u00e9 de la carte d\u2019inscription (pas moins de 4 ans), pour assurer la stabilit\u00e9 du m\u00e9decin \u00e9tranger et la r\u00e9alisation de son projet professionnel dans le Royaume, ainsi que la mise en place d\u2019un comit\u00e9 aupr\u00e8s du ministre de la Sant\u00e9 afin de mettre le point sur le degr\u00e9 d\u2019int\u00e9gration des m\u00e9decins \u00e9trangers dans le syst\u00e8me de sant\u00e9 au Maroc et de pr\u00e9senter un rapport annuel au Chef du gouvernement.<\/p>\n<p class=\"has-black-color has-text-color\">De m\u00eame, le projet pr\u00e9voit que les m\u00e9decins \u00e9trangers sont soumis aux m\u00eames conditions que leurs homologues marocains, en ce qui concerne les dipl\u00f4mes et certificats autorisant l\u2019exercice de la profession, et qu\u2019ils ne soient pas condamn\u00e9s de d\u00e9lit ou de crime au Maroc ou \u00e0 l\u2019\u00e9tranger. Quant aux m\u00e9decins marocains exer\u00e7ant \u00e0 l\u2019\u00e9tranger, le projet de loi vise \u00e0 motiver cette cat\u00e9gorie \u00e0 retourner travailler au Maroc, en supprimant l\u2019obligation de pr\u00e9senter l\u2019\u00e9quivalence du certificat ou du dipl\u00f4me obtenu d\u2019un \u00e9tablissement \u00e9tranger, \u00e0 la faveur de l\u2019exp\u00e9rience acquise.<\/p>\n<p class=\"has-black-color has-text-color\">Il s\u2019agit \u00e9galement de la suspension de la condition de ne pas \u00eatre inscrit sur le tableau d\u2019un Ordre \u00e9tranger, comme il n\u2019est plus obligatoire que le nom du m\u00e9decin soit suspendu de l\u2019Ordre \u00e9tranger dans lequel il est inscrit.<\/p>\n<p class=\"has-black-color has-text-color\">Le projet de loi vise, en outre, \u00e0 lever les restrictions \u00e0 l\u2019exercice temporaire de la profession par les m\u00e9decins non r\u00e9sidant au Maroc, en supprimant toute condition li\u00e9e \u00e0 l\u2019importance de l\u2019intervention m\u00e9dicale, \u00e0 la sp\u00e9cialisation ou \u00e0 la technique m\u00e9dicale et en ouvrant le champ de la pratique temporaire dans tous les \u00e9tablissements de sant\u00e9 affili\u00e9s au secteur public ou priv\u00e9 au lieu de se limiter \u00e0 des \u00e9tablissements de sant\u00e9 sp\u00e9cifiques.<\/p>\n<p class=\"has-black-color has-text-color\">Il s\u2019agit aussi de recourir \u00e0 un texte r\u00e9glementaire pour d\u00e9terminer la dur\u00e9e de la pratique temporaire au lieu de la limiter \u00e0 30 jours par an.<\/p>\n<p>L\u2019article <a rel=\"nofollow\" href=\"http:\/\/albayane.press.ma\/les-medecins-etrangers-soumis-aux-memes-conditions-que-leurs-homologues-marocains.html\">Les m\u00e9decins \u00e9trangers soumis aux m\u00eames conditions que leurs homologues marocains<\/a> est apparu en premier sur <a rel=\"nofollow\" href=\"http:\/\/albayane.press.ma\/\">ALBAYANE<\/a>.<\/p>\n<\/div>\n<p>Auteur: M&rsquo;hammed rahal<br \/>\n<a href=\"http:\/\/albayane.press.ma\/les-medecins-etrangers-soumis-aux-memes-conditions-que-leurs-homologues-marocains.html\">Cliquez ici pour lire l&rsquo;article depuis sa source.<\/a><\/p>\n","protected":false},"excerpt":{"rendered":"<p>Chambre des Repr\u00e9sentants\u00a0: loi relative \u00e0 l\u2019exercice de la m\u00e9decine La Chambre des Repr\u00e9sentants a approuv\u00e9 \u00e0 l\u2019unanimit\u00e9, mardi en s\u00e9ance pl\u00e9ni\u00e8re, le projet de loi n\u00b033.21 modifiant et compl\u00e9tant la loi 131.13 relative \u00e0 l\u2019exercice de la m\u00e9decine. Ce projet de loi, adopt\u00e9 lors d\u2019une s\u00e9ance pr\u00e9sid\u00e9e par M. Habib El Malki, pr\u00e9sident de [&hellip;]<\/p>\n","protected":false},"author":1760,"featured_media":0,"comment_status":"closed","ping_status":"closed","sticky":false,"template":"","format":"standard","meta":{"fifu_image_url":"","fifu_image_alt":"","footnotes":""},"categories":[73,54],"tags":[],"class_list":["post-120045","post","type-post","status-publish","format-standard","hentry","category-actualite","category-maroc"],"_links":{"self":[{"href":"https:\/\/linitiative.ca\/International\/wp-json\/wp\/v2\/posts\/120045","targetHints":{"allow":["GET"]}}],"collection":[{"href":"https:\/\/linitiative.ca\/International\/wp-json\/wp\/v2\/posts"}],"about":[{"href":"https:\/\/linitiative.ca\/International\/wp-json\/wp\/v2\/types\/post"}],"author":[{"embeddable":true,"href":"https:\/\/linitiative.ca\/International\/wp-json\/wp\/v2\/users\/1760"}],"replies":[{"embeddable":true,"href":"https:\/\/linitiative.ca\/International\/wp-json\/wp\/v2\/comments?post=120045"}],"version-history":[{"count":0,"href":"https:\/\/linitiative.ca\/International\/wp-json\/wp\/v2\/posts\/120045\/revisions"}],"wp:attachment":[{"href":"https:\/\/linitiative.ca\/International\/wp-json\/wp\/v2\/media?parent=120045"}],"wp:term":[{"taxonomy":"category","embeddable":true,"href":"https:\/\/linitiative.ca\/International\/wp-json\/wp\/v2\/categories?post=120045"},{"taxonomy":"post_tag","embeddable":true,"href":"https:\/\/linitiative.ca\/International\/wp-json\/wp\/v2\/tags?post=120045"}],"curies":[{"name":"wp","href":"https:\/\/api.w.org\/{rel}","templated":true}]}}