{"id":120047,"date":"2021-06-30T14:00:00","date_gmt":"2021-06-30T18:00:00","guid":{"rendered":"https:\/\/linitiative.ca\/International\/une-intervention-salutaire-dans-le-souss\/"},"modified":"2021-06-30T14:00:00","modified_gmt":"2021-06-30T18:00:00","slug":"une-intervention-salutaire-dans-le-souss","status":"publish","type":"post","link":"https:\/\/linitiative.ca\/International\/une-intervention-salutaire-dans-le-souss\/","title":{"rendered":"Une intervention salutaire dans le Souss"},"content":{"rendered":"<div>\n<p class=\"has-vivid-cyan-blue-color has-text-color\"><strong>Depuis quelque temps, deux structures associatives de la capitale du Souss ont v\u00e9cu le cauchemar d\u2019une subite d\u00e9cision qui les exasp\u00e9rait \u00e0 outrance. Il s\u2019est agi de la fermeture de leur local d\u2019activit\u00e9 au profit d\u2019une multitude de jeunes en situation de pr\u00e9carit\u00e9 et d\u2019handicap.<\/strong><\/p>\n<p class=\"has-black-color has-text-color\">Du jour au lendemain, tout cet \u00e9chafaudage social, \u00e9ducatif et ludique \u00e0 l\u2019adresse de ces laiss\u00e9s-pour-compte, \u00e0 la charge de braves volontaires acquis \u00e0 cette noble cause, allait s\u2019\u00e9crouler face \u00e0 la virulence de cette mesure somme toute cynique. Apr\u00e8s des d\u00e9cennies d\u2019abn\u00e9gation et de g\u00e9n\u00e9rosit\u00e9 d\u00e9ploy\u00e9s avec tant d\u2019amour et de tendresse, au service de ces gosses en difficult\u00e9, on leur signifiait d\u2019\u00e9vacuer les lieux d\u2019une froideur insoutenable. Il est bien vrai que l\u2019ordre d\u2019abandon des locaux l\u00e9gendaires, dict\u00e9 par les travaux de l\u2019\u00e9dification du nouveau complexe, s\u2019ins\u00e9rait dans le cadre du Programme Urbain de D\u00e9veloppement (PDU).Mais, il n\u2019en demeure pas moins subtil de se conduire \u00e0 l\u2019\u00e9gard de ces gamins avec beaucoup de d\u00e9licatesse du c\u00f4t\u00e9 de la commune urbaine, en vue d\u2019\u00e9viter toute tension fr\u00f4lant de graves accrochages, d\u2019autant que le moment de l\u2019ex\u00e9cution de l\u2019op\u00e9ration fut entach\u00e9 d\u2019inhumanit\u00e9 intol\u00e9rable. Ipso facto, la riposte de la soci\u00e9t\u00e9 civile et du corps m\u00e9diatique, en compagnie des militantes et militants de ces deux associations, ne se faisait gu\u00e8re attendre, au point de drainer un large soutien de solidarit\u00e9, mais \u00e9galement de forte compassion envers ces enfants en d\u00e9tresse. La situation allait d\u00e9g\u00e9n\u00e9rer, \u00e0 voir la col\u00e8re qui montait d\u2019un cran dans tous ces milieux en communion.<\/p>\n<p class=\"has-black-color has-text-color\">Il a fallu alors la sagesse et la diligence du Wali qui, fort heureusement, a su d\u00e9crisper la contraction sans trop de d\u00e9g\u00e2ts, de par le dialogue et l\u2019\u00e9change constructifs qui se soldaient par la signature d\u2019un proc\u00e8s verbal selon lequel les deux associations auront d\u00e9m\u00e9nag\u00e9 dans un autre endroit beaucoup plus commode que ceux mis \u00e0 leur disposition auparavant \u00a0comme des\u00a0 \u00a0alternatifs. De surcro\u00eet, elles auraient aussi b\u00e9n\u00e9fici\u00e9 d\u2019autres compensations, tels le transport, la subvention, l\u2019aide de l\u2019INDH\u2026L\u2019intervention de l\u2019Autorit\u00e9 qui fait montre d\u2019anticipation et de civisme de haute porte humaniste, aura suscit\u00e9 un satisfecit notoire dans l\u2019esprit tant des associations et leurs pensionnaires que les citoyens sympathisants de cet incident. On saluera aussi\u00a0 passage la compr\u00e9hension et la promptitude mises en \u0153uvre pour venir en aide d\u2019un cas social en \u00e9bullition et avorter toute malveillance d\u00e9clench\u00e9e \u00e0 cet effet. \u00a0\u00a0\u00a0\u00a0<\/p>\n<p>L\u2019article <a rel=\"nofollow\" href=\"http:\/\/albayane.press.ma\/une-intervention-salutaire-dans-le-souss.html\">Une intervention salutaire dans le Souss<\/a> est apparu en premier sur <a rel=\"nofollow\" href=\"http:\/\/albayane.press.ma\/\">ALBAYANE<\/a>.<\/p>\n<\/div>\n<p>Auteur: M&rsquo;hammed rahal<br \/>\n<a href=\"http:\/\/albayane.press.ma\/une-intervention-salutaire-dans-le-souss.html\">Cliquez ici pour lire l&rsquo;article depuis sa source.<\/a><\/p>\n","protected":false},"excerpt":{"rendered":"<p>Depuis quelque temps, deux structures associatives de la capitale du Souss ont v\u00e9cu le cauchemar d\u2019une subite d\u00e9cision qui les exasp\u00e9rait \u00e0 outrance. Il s\u2019est agi de la fermeture de leur local d\u2019activit\u00e9 au profit d\u2019une multitude de jeunes en situation de pr\u00e9carit\u00e9 et d\u2019handicap. Du jour au lendemain, tout cet \u00e9chafaudage social, \u00e9ducatif et [&hellip;]<\/p>\n","protected":false},"author":1760,"featured_media":0,"comment_status":"closed","ping_status":"closed","sticky":false,"template":"","format":"standard","meta":{"fifu_image_url":"","fifu_image_alt":"","footnotes":""},"categories":[73,54],"tags":[],"class_list":["post-120047","post","type-post","status-publish","format-standard","hentry","category-actualite","category-maroc"],"_links":{"self":[{"href":"https:\/\/linitiative.ca\/International\/wp-json\/wp\/v2\/posts\/120047","targetHints":{"allow":["GET"]}}],"collection":[{"href":"https:\/\/linitiative.ca\/International\/wp-json\/wp\/v2\/posts"}],"about":[{"href":"https:\/\/linitiative.ca\/International\/wp-json\/wp\/v2\/types\/post"}],"author":[{"embeddable":true,"href":"https:\/\/linitiative.ca\/International\/wp-json\/wp\/v2\/users\/1760"}],"replies":[{"embeddable":true,"href":"https:\/\/linitiative.ca\/International\/wp-json\/wp\/v2\/comments?post=120047"}],"version-history":[{"count":0,"href":"https:\/\/linitiative.ca\/International\/wp-json\/wp\/v2\/posts\/120047\/revisions"}],"wp:attachment":[{"href":"https:\/\/linitiative.ca\/International\/wp-json\/wp\/v2\/media?parent=120047"}],"wp:term":[{"taxonomy":"category","embeddable":true,"href":"https:\/\/linitiative.ca\/International\/wp-json\/wp\/v2\/categories?post=120047"},{"taxonomy":"post_tag","embeddable":true,"href":"https:\/\/linitiative.ca\/International\/wp-json\/wp\/v2\/tags?post=120047"}],"curies":[{"name":"wp","href":"https:\/\/api.w.org\/{rel}","templated":true}]}}