{"id":120048,"date":"2021-06-30T14:00:00","date_gmt":"2021-06-30T18:00:00","guid":{"rendered":"https:\/\/linitiative.ca\/International\/des-steles-remplies-de-terre-de-la-bataille-de-la-marne-envoyees-au-maroc\/"},"modified":"2021-06-30T14:00:00","modified_gmt":"2021-06-30T18:00:00","slug":"des-steles-remplies-de-terre-de-la-bataille-de-la-marne-envoyees-au-maroc","status":"publish","type":"post","link":"https:\/\/linitiative.ca\/International\/des-steles-remplies-de-terre-de-la-bataille-de-la-marne-envoyees-au-maroc\/","title":{"rendered":"Des st\u00e8les remplies de terre de la bataille de la Marne envoy\u00e9es au Maroc"},"content":{"rendered":"<div>\n<p class=\"has-text-align-center has-vivid-red-color has-text-color\"><strong>En hommage aux combattants de la brigade marocaine<\/strong><\/p>\n<p class=\"has-text-align-left has-black-color has-text-color\"><strong>Des st\u00e8les remplies de terre de la bataille de la Marne durant la Grande Guerre vont \u00eatre envoy\u00e9es au Maroc en hommage aux combattants de la brigade marocaine.<\/strong><\/p>\n<p class=\"has-text-align-left has-black-color has-text-color\">Une c\u00e9r\u00e9monie s\u2019est d\u00e9roul\u00e9e, mardi au centre de formation BTP d\u2019Ocquerre de Meaux, en r\u00e9gion Ile-de-France, au cours de laquelle il a \u00e9t\u00e9 proc\u00e9d\u00e9 au choix de quatre ouvrages remplis de \u00ab\u00a0la Terre Sacr\u00e9e\u00a0\u00bb de cette bataille d\u00e9cisive qui a permis de repousser, en septembre 1914, l\u2019invasion de la France par les Allemands.<\/p>\n<p class=\"has-text-align-left has-black-color has-text-color\">C\u2019est dans le cadre d\u2019un projet p\u00e9dagogique entre le centre de formation des apprentis (CFA) d\u2019Ocquerre, une commune situ\u00e9e dans le d\u00e9partement de Seine-et-Marne en r\u00e9gion \u00cele-de-France, l\u2019Association M\u00e9moire France-Maroc (AMFM), et en lien avec la D\u00e9l\u00e9gation d\u00e9partementale militaire de Seine et Marne, que des jeunes apprentis ma\u00e7ons, r\u00e9partis en deux groupes, ont r\u00e9alis\u00e9 sous la responsabilit\u00e9 d\u2019une \u00e9quipe p\u00e9dagogique en vue d\u2019obtenir leur CAP, des st\u00e8les qui contiennent un \u00e9chantillon de \u00ab\u00a0la Terre sacr\u00e9e\u00a0\u00bb pr\u00e9lev\u00e9 dans le bois de l\u2019Horloge, sur le champ de bataille de la Marne, \u00e0 Chauconin-Neufmontiers.<\/p>\n<p class=\"has-text-align-left has-black-color has-text-color\">L\u2019envoi devait avoir lieu en mars dernier, mais il a du \u00eatre report\u00e9 en raison de la fermeture des fronti\u00e8res dans le contexte sanitaire en lien avec l\u2019\u00e9pid\u00e9mie de la Covid-19.<\/p>\n<p class=\"has-text-align-left has-black-color has-text-color\">Finalement, une c\u00e9r\u00e9monie de d\u00e9part des st\u00e8les pour le Maroc a \u00e9t\u00e9 organis\u00e9e, mardi, en pr\u00e9sence de la Consule g\u00e9n\u00e9rale du Royaume \u00e0 Orly, Nada Bakkali Hassani, de repr\u00e9sentants des autorit\u00e9s locales, de responsables du centre de formation des apprentis d\u2019Ocquerre, de repr\u00e9sentants de la D\u00e9l\u00e9gation d\u00e9partementale militaire de la Seine et Marne, de d\u00e9put\u00e9s et de personnalit\u00e9s civiles et militaires.<\/p>\n<p class=\"has-text-align-left has-black-color has-text-color\">Cette c\u00e9r\u00e9monie a \u00e9t\u00e9 marqu\u00e9e en outre par la remise du prix Arm\u00e9es-jeunesse remport\u00e9 par les jeunes apprentis ayant particip\u00e9 \u00e0 ce projet soutenu par l\u2019association des amis du mus\u00e9e de la Grande Guerre de Meaux, le mus\u00e9e Jacques Braquert de Villeroy et l\u2019association des Anciens Combattants de Barcy et de Notre-Dame de la Marne.<\/p>\n<p class=\"has-text-align-left has-black-color has-text-color\">La Brigade marocaine s\u2019est illustr\u00e9e dans l\u2019offensive de la Marne, destin\u00e9e \u00e0 repousser les troupes allemandes.<br \/>C\u2019est en ao\u00fbt 1914 que les tirailleurs marocains, apr\u00e8s 400 km de marche \u00e0 pied, en provenance de la r\u00e9gion de Taza, ont pris le premier train \u00e0 la gare de Taourirt pour se rendre \u00e0 Oujda. A partir de l\u00e0, ils rejoignent par train la ville alg\u00e9rienne d\u2019Oran avant d\u2019embarquer dans un bateau pour traverser la mer M\u00e9diterran\u00e9e jusqu\u2019\u00e0 S\u00e8te.<\/p>\n<p class=\"has-text-align-left has-black-color has-text-color\">Le 5 septembre 1914, tandis que les arm\u00e9es alli\u00e9es se replient, les arm\u00e9es allemandes infl\u00e9chissent leur marche sur Paris en contournant la capitale par l\u2019est. Int\u00e9gr\u00e9e dans la 6e arm\u00e9e fran\u00e7aise du G\u00e9n\u00e9ral Maunoury, la Brigade marocaine est engag\u00e9e dans le nord de la Seine et Marne pour arr\u00eater l\u2019avance. Entre 14h00 et 17h00, devant Neufmontiers, les deux r\u00e9giments de la Brigade marocaine attaquent les flancs de la colline du bois du T\u00e9l\u00e9graphe.<\/p>\n<p class=\"has-text-align-left has-black-color has-text-color\">En gravissant les pentes de l\u2019objectif, les tirailleurs marocains sont pris par le feu intense de l\u2019ennemi : 9 officiers sont tu\u00e9s et 18 bless\u00e9s. 1.150 hommes sont tu\u00e9s, bless\u00e9s ou disparus.<br \/>La retraite de la Brigade marocaine est couverte par le 276e r\u00e9giment d\u2019infanterie de Coulommiers qui subit \u00e9galement de lourdes pertes.<\/p>\n<p class=\"has-text-align-left has-black-color has-text-color\">\u00ab\u00a0Il s\u2019agit d\u2019un travail de m\u00e9moire et un hommage aux valeureux combattants de la brigade marocaine tomb\u00e9s dans le champ d\u2019honneur durant la premi\u00e8re guerre mondiale\u00a0\u00bb, a affirm\u00e9 Nouria Zendafou-Rezeg, pr\u00e9sidente de l\u2019association M\u00e9moire France Maroc, \u00e0 l\u2019initiative de ce projet.<\/p>\n<p class=\"has-text-align-left has-black-color has-text-color\">\u00ab\u00a0Pendant longtemps, les troupes coloniales dont les combattants marocains ont \u00e9t\u00e9 les oubli\u00e9s de cette m\u00e9moire. Cependant depuis une dizaine d\u2019ann\u00e9e, fort heureusement, nous voyons \u00e9merger ici et l\u00e0 des \u00e9v\u00e9nements pour r\u00e9parer cet oubli et afin de rendre hommage \u00e0 ces hommes venus de tr\u00e8s loin\u00a0\u00bb, a-t-elle soulign\u00e9 lors de la c\u00e9r\u00e9monie de d\u00e9part des quatre ouvrages.<\/p>\n<p class=\"has-text-align-left has-black-color has-text-color\">Selon la pr\u00e9sidente de l\u2019AMFM, \u00ab\u00a0cette nouvelle aventure m\u00e9morielle et f\u00e9d\u00e9ratrice en hommage \u00e0 ces hommes, a \u00e9t\u00e9 sublim\u00e9e gr\u00e2ce \u00e0 tous ces jeunes apprentis qui se sont impliqu\u00e9s tout en faisant appel \u00e0 la fois, \u00e0 leurs valeurs, \u00e0 leurs savoir-faire et \u00e0 leur cr\u00e9ativit\u00e9 pour perp\u00e9tuer la m\u00e9moire de la Brigade marocaine et des troupes coloniales\u00a0\u00bb.<\/p>\n<p class=\"has-text-align-left has-black-color has-text-color\">\u00ab\u00a0Dans quelques temps, ces ouvrages contenant la terre foul\u00e9e par ces combattants marocains partiront au Maroc. Que demander de plus pour continuer \u00e0 transmettre l\u2019histoire de ces hommes, \u00e0 la fois ici en France et l\u00e0-bas au Maroc notamment par o\u00f9 ils sont pass\u00e9s. Cette aventure a une \u00e2me et je suis s\u00fbre qu\u2019elle ira encore bien loin dans le temps gr\u00e2ce \u00e0 ces jeunes qui la racontent d\u00e9j\u00e0 autrement\u00a0\u00bb, s\u2019est-elle f\u00e9licit\u00e9e.<\/p>\n<p class=\"has-text-align-left has-black-color has-text-color\">Au Maroc, les quatre ouvrages choisis seront dispos\u00e9s dans des lieux symboliques d\u2019o\u00f9 sont partis les soldats marocains, notamment \u00e0 Taourirt et Oujda. En France, un ouvrage sera pos\u00e9 \u00e0 c\u00f4t\u00e9 du monument Notre Dame de la Marne, \u00e0 Barcy, en r\u00e9gion \u00cele-de-France.<\/p>\n<p>L\u2019article <a rel=\"nofollow\" href=\"http:\/\/albayane.press.ma\/des-steles-remplies-de-terre-de-la-bataille-de-la-marne-envoyees-au-maroc.html\">Des st\u00e8les remplies de terre de la bataille de la Marne envoy\u00e9es au Maroc<\/a> est apparu en premier sur <a rel=\"nofollow\" href=\"http:\/\/albayane.press.ma\/\">ALBAYANE<\/a>.<\/p>\n<\/div>\n<p>Auteur: M&rsquo;hammed rahal<br \/>\n<a href=\"http:\/\/albayane.press.ma\/des-steles-remplies-de-terre-de-la-bataille-de-la-marne-envoyees-au-maroc.html\">Cliquez ici pour lire l&rsquo;article depuis sa source.<\/a><\/p>\n","protected":false},"excerpt":{"rendered":"<p>En hommage aux combattants de la brigade marocaine Des st\u00e8les remplies de terre de la bataille de la Marne durant la Grande Guerre vont \u00eatre envoy\u00e9es au Maroc en hommage aux combattants de la brigade marocaine. Une c\u00e9r\u00e9monie s\u2019est d\u00e9roul\u00e9e, mardi au centre de formation BTP d\u2019Ocquerre de Meaux, en r\u00e9gion Ile-de-France, au cours de [&hellip;]<\/p>\n","protected":false},"author":1760,"featured_media":0,"comment_status":"closed","ping_status":"closed","sticky":false,"template":"","format":"standard","meta":{"fifu_image_url":"","fifu_image_alt":"","footnotes":""},"categories":[73,54],"tags":[],"class_list":["post-120048","post","type-post","status-publish","format-standard","hentry","category-actualite","category-maroc"],"_links":{"self":[{"href":"https:\/\/linitiative.ca\/International\/wp-json\/wp\/v2\/posts\/120048","targetHints":{"allow":["GET"]}}],"collection":[{"href":"https:\/\/linitiative.ca\/International\/wp-json\/wp\/v2\/posts"}],"about":[{"href":"https:\/\/linitiative.ca\/International\/wp-json\/wp\/v2\/types\/post"}],"author":[{"embeddable":true,"href":"https:\/\/linitiative.ca\/International\/wp-json\/wp\/v2\/users\/1760"}],"replies":[{"embeddable":true,"href":"https:\/\/linitiative.ca\/International\/wp-json\/wp\/v2\/comments?post=120048"}],"version-history":[{"count":0,"href":"https:\/\/linitiative.ca\/International\/wp-json\/wp\/v2\/posts\/120048\/revisions"}],"wp:attachment":[{"href":"https:\/\/linitiative.ca\/International\/wp-json\/wp\/v2\/media?parent=120048"}],"wp:term":[{"taxonomy":"category","embeddable":true,"href":"https:\/\/linitiative.ca\/International\/wp-json\/wp\/v2\/categories?post=120048"},{"taxonomy":"post_tag","embeddable":true,"href":"https:\/\/linitiative.ca\/International\/wp-json\/wp\/v2\/tags?post=120048"}],"curies":[{"name":"wp","href":"https:\/\/api.w.org\/{rel}","templated":true}]}}