{"id":120049,"date":"2021-07-01T05:30:00","date_gmt":"2021-07-01T09:30:00","guid":{"rendered":"https:\/\/linitiative.ca\/International\/ladhesion-decroissante-des-populations-de-lue-aux-idees-de-lotan\/"},"modified":"2021-07-01T05:30:00","modified_gmt":"2021-07-01T09:30:00","slug":"ladhesion-decroissante-des-populations-de-lue-aux-idees-de-lotan","status":"publish","type":"post","link":"https:\/\/linitiative.ca\/International\/ladhesion-decroissante-des-populations-de-lue-aux-idees-de-lotan\/","title":{"rendered":"L\u2019adh\u00e9sion d\u00e9croissante des populations de l&rsquo;UE aux id\u00e9es de l&rsquo;Otan"},"content":{"rendered":"<div>Cette position de la populatioon europ\u00e9enne n\u2019est pas seulement motiv\u00e9e par l\u2019attitude am\u00e9ricaine vis-\u00e0-vis de l\u2019Europe, mais aussi par les interventions de l\u2019Organisation consid\u00e9r\u00e9es parfois sans motif.<\/div>\n<p>Auteur:<br \/>\n<a href=\"https:\/\/www.liberte-algerie.com\/international\/ladhesion-decroissante-des-populations-de-lue-aux-idees-de-lotan-361219\">Cliquez ici pour lire l&rsquo;article depuis sa source.<\/a><\/p>\n","protected":false},"excerpt":{"rendered":"<p>Cette position de la populatioon europ\u00e9enne n\u2019est pas seulement motiv\u00e9e par l\u2019attitude am\u00e9ricaine vis-\u00e0-vis de l\u2019Europe, mais aussi par les interventions de l\u2019Organisation consid\u00e9r\u00e9es parfois sans motif. Auteur: Cliquez ici pour lire l&rsquo;article depuis sa source.<\/p>\n","protected":false},"author":1742,"featured_media":0,"comment_status":"closed","ping_status":"closed","sticky":false,"template":"","format":"standard","meta":{"fifu_image_url":"","fifu_image_alt":"","footnotes":""},"categories":[73,53],"tags":[],"class_list":["post-120049","post","type-post","status-publish","format-standard","hentry","category-actualite","category-algerie"],"_links":{"self":[{"href":"https:\/\/linitiative.ca\/International\/wp-json\/wp\/v2\/posts\/120049","targetHints":{"allow":["GET"]}}],"collection":[{"href":"https:\/\/linitiative.ca\/International\/wp-json\/wp\/v2\/posts"}],"about":[{"href":"https:\/\/linitiative.ca\/International\/wp-json\/wp\/v2\/types\/post"}],"author":[{"embeddable":true,"href":"https:\/\/linitiative.ca\/International\/wp-json\/wp\/v2\/users\/1742"}],"replies":[{"embeddable":true,"href":"https:\/\/linitiative.ca\/International\/wp-json\/wp\/v2\/comments?post=120049"}],"version-history":[{"count":0,"href":"https:\/\/linitiative.ca\/International\/wp-json\/wp\/v2\/posts\/120049\/revisions"}],"wp:attachment":[{"href":"https:\/\/linitiative.ca\/International\/wp-json\/wp\/v2\/media?parent=120049"}],"wp:term":[{"taxonomy":"category","embeddable":true,"href":"https:\/\/linitiative.ca\/International\/wp-json\/wp\/v2\/categories?post=120049"},{"taxonomy":"post_tag","embeddable":true,"href":"https:\/\/linitiative.ca\/International\/wp-json\/wp\/v2\/tags?post=120049"}],"curies":[{"name":"wp","href":"https:\/\/api.w.org\/{rel}","templated":true}]}}